{"id":11383,"date":"2021-02-06T08:53:43","date_gmt":"2021-02-06T11:53:43","guid":{"rendered":"http:\/\/www.mecmaq.com.br\/?p=11383"},"modified":"2022-03-30T08:55:48","modified_gmt":"2022-03-30T11:55:48","slug":"agropecuaria-tem-maior-geracao-de-empregos-dos-ultimos-10-anos","status":"publish","type":"post","link":"https:\/\/www.mecmaq.com.br\/en\/agropecuaria-tem-maior-geracao-de-empregos-dos-ultimos-10-anos\/","title":{"rendered":"Agriculture has the highest generation of jobs in the last 10 years"},"content":{"rendered":"<p id=\"viewer-foo\" class=\"mm8Nw _1j-51 iWv3d _1FoOD _3M0Fe aujbK iWv3d public-DraftStyleDefault-block-depth0 fixed-tab-size public-DraftStyleDefault-text-ltr\"><span class=\"_2PHJq public-DraftStyleDefault-ltr\">Brazilian agriculture created 61,637 job openings last year, according to data from the General Register of Employed and Unemployed People (Caged), released by the Labor Department. This is the best result since 2011, when the sector's job market expanded by 85,585 jobs.<\/span><\/p>\n<p id=\"viewer-2q9k4\" class=\"mm8Nw _1j-51 iWv3d _1FoOD _3M0Fe aujbK iWv3d public-DraftStyleDefault-block-depth0 fixed-tab-size public-DraftStyleDefault-text-ltr\"><span class=\"_2PHJq public-DraftStyleDefault-ltr\">Among the activities that most created jobs with a formal contract in 2020, soy topped the ranking, with 13,396 jobs. Also noteworthy is coffee (6,284 new posts). In livestock, raising cattle (+11,598) and poultry (+5,993) were the activities that most contributed to the job market.<\/span><\/p>\n<p class=\"mm8Nw _1j-51 iWv3d _1FoOD _3M0Fe aujbK iWv3d public-DraftStyleDefault-block-depth0 fixed-tab-size public-DraftStyleDefault-text-ltr\"><span class=\"_2PHJq public-DraftStyleDefault-ltr\">Also according to the data, 3 out of 4 jobs created in the agricultural sector are in the Southeast region, especially in S\u00e3o Paulo, which grew by 46,475 jobs in 2020.<\/span><\/p>\n<h3 id=\"viewer-466dc\" class=\"_3qMKZ _1j-51 _1FoOD _3M0Fe aujbK iWv3d public-DraftStyleDefault-block-depth0 fixed-tab-size public-DraftStyleDefault-text-ltr\"><span class=\"_2PHJq public-DraftStyleDefault-ltr\"><strong>Resilient farming amid the crisis<\/strong><\/span><\/h3>\n<p id=\"viewer-71rno\" class=\"mm8Nw _1j-51 iWv3d _1FoOD _3M0Fe aujbK iWv3d public-DraftStyleDefault-block-depth0 fixed-tab-size public-DraftStyleDefault-text-ltr\"><span class=\"_2PHJq public-DraftStyleDefault-ltr\">The Confederation of Agriculture and Livestock of Brazil (CNA) analyzed data from Caged and points out that the good results reveal the dynamism of the sector in 2020. \u201cDespite the high production costs, it has shown resilience in the face of the crisis\u201d, says the entity .<\/span><\/p>\n<p id=\"viewer-aj9rg\" class=\"mm8Nw _1j-51 iWv3d _1FoOD _3M0Fe aujbK iWv3d public-DraftStyleDefault-block-depth0 fixed-tab-size public-DraftStyleDefault-text-ltr\"><span class=\"_2PHJq public-DraftStyleDefault-ltr\">In macro terms, the sector as a whole showed an outstanding performance in 2020: a record US$ 100.8 billion in exports of agribusiness products, growth of 18.2% in the gross value of production, according to the CNA, and an increase of 16 .8% of agribusiness GDP in the first 10 months of the year, according to CNA and Cepea.<\/span><\/p>","protected":false},"excerpt":{"rendered":"<p>A agropecu\u00e1ria brasileira abriu 61.637 vagas de emprego no ano passado, de acordo com dados do Cadastro Geral de Empregados e Desempregados (Caged), divulgados pela Secretaria do Trabalho. Esse \u00e9 o melhor resultado desde 2011, quando a expans\u00e3o no mercado de trabalho do setor foi de 85.585 vagas. Entre as atividades que mais criaram postos [&hellip;]<\/p>\n","protected":false},"author":1,"featured_media":11384,"comment_status":"closed","ping_status":"open","sticky":false,"template":"","format":"gallery","meta":{"_joinchat":[],"footnotes":""},"categories":[18],"tags":[],"class_list":["post-11383","post","type-post","status-publish","format-gallery","has-post-thumbnail","hentry","category-agricultura","post_format-post-format-gallery"],"yoast_head":"<!-- This site is optimized with the Yoast SEO plugin v27.2 - https:\/\/yoast.com\/product\/yoast-seo-wordpress\/ -->\n<title>Agropecu\u00e1ria tem maior gera\u00e7\u00e3o de empregos dos \u00faltimos 10 anos - Mecmaq<\/title>\n<meta name=\"robots\" content=\"index, follow, max-snippet:-1, max-image-preview:large, max-video-preview:-1\" \/>\n<link rel=\"canonical\" href=\"https:\/\/www.mecmaq.com.br\/en\/agropecuaria-tem-maior-geracao-de-empregos-dos-ultimos-10-anos\/\" \/>\n<meta property=\"og:locale\" content=\"en_US\" \/>\n<meta property=\"og:type\" content=\"article\" \/>\n<meta property=\"og:title\" content=\"Agropecu\u00e1ria tem maior gera\u00e7\u00e3o de empregos dos \u00faltimos 10 anos - Mecmaq\" \/>\n<meta property=\"og:description\" content=\"A agropecu\u00e1ria brasileira abriu 61.637 vagas de emprego no ano passado, de acordo com dados do Cadastro Geral de Empregados e Desempregados (Caged), divulgados pela Secretaria do Trabalho. Esse \u00e9 o melhor resultado desde 2011, quando a expans\u00e3o no mercado de trabalho do setor foi de 85.585 vagas. Entre as atividades que mais criaram postos [&hellip;]\" \/>\n<meta property=\"og:url\" content=\"https:\/\/www.mecmaq.com.br\/en\/agropecuaria-tem-maior-geracao-de-empregos-dos-ultimos-10-anos\/\" \/>\n<meta property=\"og:site_name\" content=\"Mecmaq\" \/>\n<meta property=\"article:published_time\" content=\"2021-02-06T11:53:43+00:00\" \/>\n<meta property=\"article:modified_time\" content=\"2022-03-30T11:55:48+00:00\" \/>\n<meta property=\"og:image\" content=\"https:\/\/www.mecmaq.com.br\/wp-content\/uploads\/2022\/03\/86182d_7dd8e6cac60d4bda9fd9aecdeac1770b_mv2.jpg\" \/>\n\t<meta property=\"og:image:width\" content=\"600\" \/>\n\t<meta property=\"og:image:height\" content=\"417\" \/>\n\t<meta property=\"og:image:type\" content=\"image\/jpeg\" \/>\n<meta name=\"author\" content=\"admin\" \/>\n<meta name=\"twitter:card\" content=\"summary_large_image\" \/>\n<meta name=\"twitter:label1\" content=\"Written by\" \/>\n\t<meta name=\"twitter:data1\" content=\"admin\" \/>\n\t<meta name=\"twitter:label2\" content=\"Est. reading time\" \/>\n\t<meta name=\"twitter:data2\" content=\"2 minutes\" \/>\n<script type=\"application\/ld+json\" class=\"yoast-schema-graph\">{\"@context\":\"https:\/\/schema.org\",\"@graph\":[{\"@type\":\"Article\",\"@id\":\"https:\/\/www.mecmaq.com.br\/agropecuaria-tem-maior-geracao-de-empregos-dos-ultimos-10-anos\/#article\",\"isPartOf\":{\"@id\":\"https:\/\/www.mecmaq.com.br\/agropecuaria-tem-maior-geracao-de-empregos-dos-ultimos-10-anos\/\"},\"author\":{\"name\":\"admin\",\"@id\":\"https:\/\/www.mecmaq.com.br\/#\/schema\/person\/1e4d93afa39e37e97da8a8be3dd03471\"},\"headline\":\"Agropecu\u00e1ria tem maior gera\u00e7\u00e3o de empregos dos \u00faltimos 10 anos\",\"datePublished\":\"2021-02-06T11:53:43+00:00\",\"dateModified\":\"2022-03-30T11:55:48+00:00\",\"mainEntityOfPage\":{\"@id\":\"https:\/\/www.mecmaq.com.br\/agropecuaria-tem-maior-geracao-de-empregos-dos-ultimos-10-anos\/\"},\"wordCount\":244,\"image\":{\"@id\":\"https:\/\/www.mecmaq.com.br\/agropecuaria-tem-maior-geracao-de-empregos-dos-ultimos-10-anos\/#primaryimage\"},\"thumbnailUrl\":\"https:\/\/www.mecmaq.com.br\/wp-content\/uploads\/2022\/03\/86182d_7dd8e6cac60d4bda9fd9aecdeac1770b_mv2.jpg\",\"articleSection\":[\"Agricultura\"],\"inLanguage\":\"en-US\"},{\"@type\":\"WebPage\",\"@id\":\"https:\/\/www.mecmaq.com.br\/agropecuaria-tem-maior-geracao-de-empregos-dos-ultimos-10-anos\/\",\"url\":\"https:\/\/www.mecmaq.com.br\/agropecuaria-tem-maior-geracao-de-empregos-dos-ultimos-10-anos\/\",\"name\":\"Agropecu\u00e1ria tem maior gera\u00e7\u00e3o de empregos dos \u00faltimos 10 anos - Mecmaq\",\"isPartOf\":{\"@id\":\"https:\/\/www.mecmaq.com.br\/#website\"},\"primaryImageOfPage\":{\"@id\":\"https:\/\/www.mecmaq.com.br\/agropecuaria-tem-maior-geracao-de-empregos-dos-ultimos-10-anos\/#primaryimage\"},\"image\":{\"@id\":\"https:\/\/www.mecmaq.com.br\/agropecuaria-tem-maior-geracao-de-empregos-dos-ultimos-10-anos\/#primaryimage\"},\"thumbnailUrl\":\"https:\/\/www.mecmaq.com.br\/wp-content\/uploads\/2022\/03\/86182d_7dd8e6cac60d4bda9fd9aecdeac1770b_mv2.jpg\",\"datePublished\":\"2021-02-06T11:53:43+00:00\",\"dateModified\":\"2022-03-30T11:55:48+00:00\",\"author\":{\"@id\":\"https:\/\/www.mecmaq.com.br\/#\/schema\/person\/1e4d93afa39e37e97da8a8be3dd03471\"},\"breadcrumb\":{\"@id\":\"https:\/\/www.mecmaq.com.br\/agropecuaria-tem-maior-geracao-de-empregos-dos-ultimos-10-anos\/#breadcrumb\"},\"inLanguage\":\"en-US\",\"potentialAction\":[{\"@type\":\"ReadAction\",\"target\":[\"https:\/\/www.mecmaq.com.br\/agropecuaria-tem-maior-geracao-de-empregos-dos-ultimos-10-anos\/\"]}]},{\"@type\":\"ImageObject\",\"inLanguage\":\"en-US\",\"@id\":\"https:\/\/www.mecmaq.com.br\/agropecuaria-tem-maior-geracao-de-empregos-dos-ultimos-10-anos\/#primaryimage\",\"url\":\"https:\/\/www.mecmaq.com.br\/wp-content\/uploads\/2022\/03\/86182d_7dd8e6cac60d4bda9fd9aecdeac1770b_mv2.jpg\",\"contentUrl\":\"https:\/\/www.mecmaq.com.br\/wp-content\/uploads\/2022\/03\/86182d_7dd8e6cac60d4bda9fd9aecdeac1770b_mv2.jpg\",\"width\":600,\"height\":417},{\"@type\":\"BreadcrumbList\",\"@id\":\"https:\/\/www.mecmaq.com.br\/agropecuaria-tem-maior-geracao-de-empregos-dos-ultimos-10-anos\/#breadcrumb\",\"itemListElement\":[{\"@type\":\"ListItem\",\"position\":1,\"name\":\"In\u00edcio\",\"item\":\"https:\/\/www.mecmaq.com.br\/\"},{\"@type\":\"ListItem\",\"position\":2,\"name\":\"Agropecu\u00e1ria tem maior gera\u00e7\u00e3o de empregos dos \u00faltimos 10 anos\"}]},{\"@type\":\"WebSite\",\"@id\":\"https:\/\/www.mecmaq.com.br\/#website\",\"url\":\"https:\/\/www.mecmaq.com.br\/\",\"name\":\"Mecmaq\",\"description\":\"M\u00e1quinas Agr\u00edcolas\",\"potentialAction\":[{\"@type\":\"SearchAction\",\"target\":{\"@type\":\"EntryPoint\",\"urlTemplate\":\"https:\/\/www.mecmaq.com.br\/?s={search_term_string}\"},\"query-input\":{\"@type\":\"PropertyValueSpecification\",\"valueRequired\":true,\"valueName\":\"search_term_string\"}}],\"inLanguage\":\"en-US\"},{\"@type\":\"Person\",\"@id\":\"https:\/\/www.mecmaq.com.br\/#\/schema\/person\/1e4d93afa39e37e97da8a8be3dd03471\",\"name\":\"admin\",\"image\":{\"@type\":\"ImageObject\",\"inLanguage\":\"en-US\",\"@id\":\"https:\/\/www.mecmaq.com.br\/wp-content\/uploads\/2022\/03\/planta\u00e7\u00e3o-96x96.jpg\",\"url\":\"https:\/\/www.mecmaq.com.br\/wp-content\/uploads\/2022\/03\/planta\u00e7\u00e3o-96x96.jpg\",\"contentUrl\":\"https:\/\/www.mecmaq.com.br\/wp-content\/uploads\/2022\/03\/planta\u00e7\u00e3o-96x96.jpg\",\"caption\":\"admin\"},\"sameAs\":[\"http:\/\/www.mecmaq.com.br\"],\"url\":\"https:\/\/www.mecmaq.com.br\/en\/author\/admin\/\"}]}<\/script>\n<!-- \/ Yoast SEO plugin. -->","yoast_head_json":{"title":"Agropecu\u00e1ria tem maior gera\u00e7\u00e3o de empregos dos \u00faltimos 10 anos - Mecmaq","robots":{"index":"index","follow":"follow","max-snippet":"max-snippet:-1","max-image-preview":"max-image-preview:large","max-video-preview":"max-video-preview:-1"},"canonical":"https:\/\/www.mecmaq.com.br\/en\/agropecuaria-tem-maior-geracao-de-empregos-dos-ultimos-10-anos\/","og_locale":"en_US","og_type":"article","og_title":"Agropecu\u00e1ria tem maior gera\u00e7\u00e3o de empregos dos \u00faltimos 10 anos - Mecmaq","og_description":"A agropecu\u00e1ria brasileira abriu 61.637 vagas de emprego no ano passado, de acordo com dados do Cadastro Geral de Empregados e Desempregados (Caged), divulgados pela Secretaria do Trabalho. Esse \u00e9 o melhor resultado desde 2011, quando a expans\u00e3o no mercado de trabalho do setor foi de 85.585 vagas. Entre as atividades que mais criaram postos [&hellip;]","og_url":"https:\/\/www.mecmaq.com.br\/en\/agropecuaria-tem-maior-geracao-de-empregos-dos-ultimos-10-anos\/","og_site_name":"Mecmaq","article_published_time":"2021-02-06T11:53:43+00:00","article_modified_time":"2022-03-30T11:55:48+00:00","og_image":[{"width":600,"height":417,"url":"https:\/\/www.mecmaq.com.br\/wp-content\/uploads\/2022\/03\/86182d_7dd8e6cac60d4bda9fd9aecdeac1770b_mv2.jpg","type":"image\/jpeg"}],"author":"admin","twitter_card":"summary_large_image","twitter_misc":{"Written by":"admin","Est. reading time":"2 minutes"},"schema":{"@context":"https:\/\/schema.org","@graph":[{"@type":"Article","@id":"https:\/\/www.mecmaq.com.br\/agropecuaria-tem-maior-geracao-de-empregos-dos-ultimos-10-anos\/#article","isPartOf":{"@id":"https:\/\/www.mecmaq.com.br\/agropecuaria-tem-maior-geracao-de-empregos-dos-ultimos-10-anos\/"},"author":{"name":"admin","@id":"https:\/\/www.mecmaq.com.br\/#\/schema\/person\/1e4d93afa39e37e97da8a8be3dd03471"},"headline":"Agropecu\u00e1ria tem maior gera\u00e7\u00e3o de empregos dos \u00faltimos 10 anos","datePublished":"2021-02-06T11:53:43+00:00","dateModified":"2022-03-30T11:55:48+00:00","mainEntityOfPage":{"@id":"https:\/\/www.mecmaq.com.br\/agropecuaria-tem-maior-geracao-de-empregos-dos-ultimos-10-anos\/"},"wordCount":244,"image":{"@id":"https:\/\/www.mecmaq.com.br\/agropecuaria-tem-maior-geracao-de-empregos-dos-ultimos-10-anos\/#primaryimage"},"thumbnailUrl":"https:\/\/www.mecmaq.com.br\/wp-content\/uploads\/2022\/03\/86182d_7dd8e6cac60d4bda9fd9aecdeac1770b_mv2.jpg","articleSection":["Agricultura"],"inLanguage":"en-US"},{"@type":"WebPage","@id":"https:\/\/www.mecmaq.com.br\/agropecuaria-tem-maior-geracao-de-empregos-dos-ultimos-10-anos\/","url":"https:\/\/www.mecmaq.com.br\/agropecuaria-tem-maior-geracao-de-empregos-dos-ultimos-10-anos\/","name":"Agropecu\u00e1ria tem maior gera\u00e7\u00e3o de empregos dos \u00faltimos 10 anos - Mecmaq","isPartOf":{"@id":"https:\/\/www.mecmaq.com.br\/#website"},"primaryImageOfPage":{"@id":"https:\/\/www.mecmaq.com.br\/agropecuaria-tem-maior-geracao-de-empregos-dos-ultimos-10-anos\/#primaryimage"},"image":{"@id":"https:\/\/www.mecmaq.com.br\/agropecuaria-tem-maior-geracao-de-empregos-dos-ultimos-10-anos\/#primaryimage"},"thumbnailUrl":"https:\/\/www.mecmaq.com.br\/wp-content\/uploads\/2022\/03\/86182d_7dd8e6cac60d4bda9fd9aecdeac1770b_mv2.jpg","datePublished":"2021-02-06T11:53:43+00:00","dateModified":"2022-03-30T11:55:48+00:00","author":{"@id":"https:\/\/www.mecmaq.com.br\/#\/schema\/person\/1e4d93afa39e37e97da8a8be3dd03471"},"breadcrumb":{"@id":"https:\/\/www.mecmaq.com.br\/agropecuaria-tem-maior-geracao-de-empregos-dos-ultimos-10-anos\/#breadcrumb"},"inLanguage":"en-US","potentialAction":[{"@type":"ReadAction","target":["https:\/\/www.mecmaq.com.br\/agropecuaria-tem-maior-geracao-de-empregos-dos-ultimos-10-anos\/"]}]},{"@type":"ImageObject","inLanguage":"en-US","@id":"https:\/\/www.mecmaq.com.br\/agropecuaria-tem-maior-geracao-de-empregos-dos-ultimos-10-anos\/#primaryimage","url":"https:\/\/www.mecmaq.com.br\/wp-content\/uploads\/2022\/03\/86182d_7dd8e6cac60d4bda9fd9aecdeac1770b_mv2.jpg","contentUrl":"https:\/\/www.mecmaq.com.br\/wp-content\/uploads\/2022\/03\/86182d_7dd8e6cac60d4bda9fd9aecdeac1770b_mv2.jpg","width":600,"height":417},{"@type":"BreadcrumbList","@id":"https:\/\/www.mecmaq.com.br\/agropecuaria-tem-maior-geracao-de-empregos-dos-ultimos-10-anos\/#breadcrumb","itemListElement":[{"@type":"ListItem","position":1,"name":"In\u00edcio","item":"https:\/\/www.mecmaq.com.br\/"},{"@type":"ListItem","position":2,"name":"Agropecu\u00e1ria tem maior gera\u00e7\u00e3o de empregos dos \u00faltimos 10 anos"}]},{"@type":"WebSite","@id":"https:\/\/www.mecmaq.com.br\/#website","url":"https:\/\/www.mecmaq.com.br\/","name":"Mecmaq","description":"M\u00e1quinas Agr\u00edcolas","potentialAction":[{"@type":"SearchAction","target":{"@type":"EntryPoint","urlTemplate":"https:\/\/www.mecmaq.com.br\/?s={search_term_string}"},"query-input":{"@type":"PropertyValueSpecification","valueRequired":true,"valueName":"search_term_string"}}],"inLanguage":"en-US"},{"@type":"Person","@id":"https:\/\/www.mecmaq.com.br\/#\/schema\/person\/1e4d93afa39e37e97da8a8be3dd03471","name":"admin","image":{"@type":"ImageObject","inLanguage":"en-US","@id":"https:\/\/www.mecmaq.com.br\/wp-content\/uploads\/2022\/03\/planta\u00e7\u00e3o-96x96.jpg","url":"https:\/\/www.mecmaq.com.br\/wp-content\/uploads\/2022\/03\/planta\u00e7\u00e3o-96x96.jpg","contentUrl":"https:\/\/www.mecmaq.com.br\/wp-content\/uploads\/2022\/03\/planta\u00e7\u00e3o-96x96.jpg","caption":"admin"},"sameAs":["http:\/\/www.mecmaq.com.br"],"url":"https:\/\/www.mecmaq.com.br\/en\/author\/admin\/"}]}},"_links":{"self":[{"href":"https:\/\/www.mecmaq.com.br\/en\/wp-json\/wp\/v2\/posts\/11383","targetHints":{"allow":["GET"]}}],"collection":[{"href":"https:\/\/www.mecmaq.com.br\/en\/wp-json\/wp\/v2\/posts"}],"about":[{"href":"https:\/\/www.mecmaq.com.br\/en\/wp-json\/wp\/v2\/types\/post"}],"author":[{"embeddable":true,"href":"https:\/\/www.mecmaq.com.br\/en\/wp-json\/wp\/v2\/users\/1"}],"replies":[{"embeddable":true,"href":"https:\/\/www.mecmaq.com.br\/en\/wp-json\/wp\/v2\/comments?post=11383"}],"version-history":[{"count":1,"href":"https:\/\/www.mecmaq.com.br\/en\/wp-json\/wp\/v2\/posts\/11383\/revisions"}],"predecessor-version":[{"id":11385,"href":"https:\/\/www.mecmaq.com.br\/en\/wp-json\/wp\/v2\/posts\/11383\/revisions\/11385"}],"wp:featuredmedia":[{"embeddable":true,"href":"https:\/\/www.mecmaq.com.br\/en\/wp-json\/wp\/v2\/media\/11384"}],"wp:attachment":[{"href":"https:\/\/www.mecmaq.com.br\/en\/wp-json\/wp\/v2\/media?parent=11383"}],"wp:term":[{"taxonomy":"category","embeddable":true,"href":"https:\/\/www.mecmaq.com.br\/en\/wp-json\/wp\/v2\/categories?post=11383"},{"taxonomy":"post_tag","embeddable":true,"href":"https:\/\/www.mecmaq.com.br\/en\/wp-json\/wp\/v2\/tags?post=11383"}],"curies":[{"name":"wp","href":"https:\/\/api.w.org\/{rel}","templated":true}]}}