{"id":11368,"date":"2020-09-07T08:34:45","date_gmt":"2020-09-07T11:34:45","guid":{"rendered":"http:\/\/www.mecmaq.com.br\/?p=11368"},"modified":"2022-03-30T08:42:21","modified_gmt":"2022-03-30T11:42:21","slug":"contagem-regressiva-para-a-agrishow-2020","status":"publish","type":"post","link":"https:\/\/www.mecmaq.com.br\/es\/contagem-regressiva-para-a-agrishow-2020\/","title":{"rendered":"Cuenta regresiva para Agrishow 2020"},"content":{"rendered":"<p id=\"viewer-1jsvu\" class=\"mm8Nw _1j-51 iWv3d _1FoOD _3M0Fe aujbK iWv3d public-DraftStyleDefault-block-depth0 fixed-tab-size public-DraftStyleDefault-text-ltr\"><span class=\"_2PHJq public-DraftStyleDefault-ltr\">\u00a1Vuelve una de las ferias agr\u00edcolas m\u00e1s grandes del mundo y la m\u00e1s grande de Am\u00e9rica Latina!<\/span><\/p>\n<p id=\"viewer-dred4\" class=\"mm8Nw _1j-51 iWv3d _1FoOD _3M0Fe aujbK iWv3d public-DraftStyleDefault-block-depth0 fixed-tab-size public-DraftStyleDefault-text-ltr\"><span class=\"_2PHJq public-DraftStyleDefault-ltr\">La agroindustria brasile\u00f1a tendr\u00e1 la oportunidad de participar de una semana innovadora preparada especialmente para atender las demandas de los productores y de la cadena productiva. La Experiencia Agrishow se promocionar\u00e1 100% de forma virtual y tendr\u00e1 lugar entre el 14 y el 18 de septiembre.<\/span><\/p>\n<p id=\"viewer-6re3k\" class=\"mm8Nw _1j-51 iWv3d _1FoOD _3M0Fe aujbK iWv3d public-DraftStyleDefault-block-depth0 fixed-tab-size public-DraftStyleDefault-text-ltr\"><span class=\"_2PHJq public-DraftStyleDefault-ltr\">Durante cinco d\u00edas, se presentar\u00e1 una experiencia sin precedentes a los participantes del evento, a trav\u00e9s de una serie de seminarios web en vivo, entrevistas, consejos para productores y otros contenidos impartidos por reconocidos expertos en agro. Adem\u00e1s de mucho contenido, el entorno te brindar\u00e1 la posibilidad de hacer negocios y aumentar tu red de networking. <\/span><\/p>\n<p id=\"viewer-1tqkd\" class=\"mm8Nw _1j-51 iWv3d _1FoOD _3M0Fe aujbK iWv3d public-DraftStyleDefault-block-depth0 fixed-tab-size public-DraftStyleDefault-text-ltr\"><span class=\"_2PHJq public-DraftStyleDefault-ltr\">La expectativa de Agrishow es atraer un p\u00fablico calificado, compuesto no solo por visitantes de la feria presencial, sino por productores rurales de todo el pa\u00eds, ya que uno de los grandes diferenciales de las acciones digitales es eliminar toda distancia f\u00edsica.<\/span><\/p>\n<p id=\"viewer-6jr7s\" class=\"mm8Nw _1j-51 iWv3d _1FoOD _3M0Fe aujbK iWv3d public-DraftStyleDefault-block-depth0 fixed-tab-size public-DraftStyleDefault-text-ltr\"><span class=\"_2PHJq public-DraftStyleDefault-ltr\"><strong>Fecha y hora de Agrishow 2020<\/strong><\/span><\/p>\n<p id=\"viewer-f8vld\" class=\"mm8Nw _1j-51 iWv3d _1FoOD _3M0Fe aujbK iWv3d public-DraftStyleDefault-block-depth0 fixed-tab-size public-DraftStyleDefault-text-ltr\"><span class=\"_2PHJq public-DraftStyleDefault-ltr\">Como ya se mencion\u00f3, la feria comenzar\u00e1 el d\u00eda 14 y terminar\u00e1 su evento el 18 de septiembre. Para facilitar la difusi\u00f3n de su contenido, se tratar\u00e1 cada d\u00eda una tem\u00e1tica diferente, donde las conferencias dar\u00e1n comienzo desde las 10:00 am hasta las 5:00 pm. El d\u00eda 14, el foco estar\u00e1 en m\u00e1quinas, implementos e insumos; el d\u00eda 15 se hablar\u00e1 de energ\u00edas renovables y agricultura digital; el d\u00eda 16 conoceremos m\u00e1s sobre tecnolog\u00eda e innovaci\u00f3n en la agricultura; el d\u00eda 17, el tema se centrar\u00e1 en el riego y, finalmente, el d\u00eda 18, aprenderemos m\u00e1s sobre conectividad y cooperativismo. Consulte la tabla de horarios a continuaci\u00f3n.<\/span><\/p>\n\n\n<figure class=\"wp-block-gallery columns-1 is-cropped wp-block-gallery-1 is-layout-flex wp-block-gallery-is-layout-flex\"><ul class=\"blocks-gallery-grid\"><li class=\"blocks-gallery-item\"><figure><img fetchpriority=\"high\" decoding=\"async\" width=\"1024\" height=\"236\" src=\"http:\/\/www.mecmaq.com.br\/wp-content\/uploads\/2022\/03\/tabela-1024x236.jpg\" alt=\"\" data-id=\"11369\" data-full-url=\"http:\/\/www.mecmaq.com.br\/wp-content\/uploads\/2022\/03\/tabela.jpg\" data-link=\"http:\/\/www.mecmaq.com.br\/?attachment_id=11369\" class=\"wp-image-11369\" srcset=\"https:\/\/www.mecmaq.com.br\/wp-content\/uploads\/2022\/03\/tabela-1024x236.jpg 1024w, https:\/\/www.mecmaq.com.br\/wp-content\/uploads\/2022\/03\/tabela-768x177.jpg 768w, https:\/\/www.mecmaq.com.br\/wp-content\/uploads\/2022\/03\/tabela.jpg 1083w\" sizes=\"(max-width: 1024px) 100vw, 1024px\" \/><\/figure><\/li><\/ul><\/figure>\n\n\n\n<p>Agrishow es una iniciativa de las principales entidades de agronegocios del pa\u00eds: Abag \u2013 Asociaci\u00f3n Brasile\u00f1a de Agronegocios, Abimaq \u2013 Asociaci\u00f3n Brasile\u00f1a de la Industria de M\u00e1quinas y Equipos, Anda \u2013 Asociaci\u00f3n Nacional de Difusi\u00f3n de Fertilizantes, Faesp \u2013 Federaci\u00f3n de Agricultura y Ganader\u00eda del Estado de S\u00e3o Paulo y SRB \u2013 Sociedade Rural Brasileira. La feria es organizada por Informa Markets, principal promotora de ferias de negocios en Brasil y en el mundo.<\/p>\n\n\n\n<p><strong>Mecmaq en Agrishow<\/strong><\/p>\n\n\n\n<p>En 2019, la feria reuni\u00f3 a 800 marcas expositoras y m\u00e1s de 150.000 visitantes calificados, trayendo lo \u00faltimo en tecnolog\u00eda agr\u00edcola. Esperamos con ansias el Agrishow de este a\u00f1o, pero a\u00fan m\u00e1s la feria del pr\u00f3ximo a\u00f1o, donde podremos estar presentes en nuestro stand y estar m\u00e1s cerca de nuestros clientes y amigos! Si bien esto a\u00fan no es posible, qu\u00e9dese con nosotros y vea las fotos de Mecmaq del evento del a\u00f1o pasado \ud83d\ude42<\/p>\n\n\n\n<figure class=\"wp-block-gallery columns-3 is-cropped wp-block-gallery-2 is-layout-flex wp-block-gallery-is-layout-flex\"><ul class=\"blocks-gallery-grid\"><li class=\"blocks-gallery-item\"><figure><img decoding=\"async\" width=\"600\" height=\"417\" src=\"http:\/\/www.mecmaq.com.br\/wp-content\/uploads\/2022\/03\/agrishow8.jpg\" alt=\"\" data-id=\"11326\" data-full-url=\"http:\/\/www.mecmaq.com.br\/wp-content\/uploads\/2022\/03\/agrishow8.jpg\" data-link=\"http:\/\/www.mecmaq.com.br\/mecmaq-participa-da-25a-agrishow\/agrishow8\/\" class=\"wp-image-11326\"\/><\/figure><\/li><li class=\"blocks-gallery-item\"><figure><img decoding=\"async\" width=\"600\" height=\"417\" src=\"http:\/\/www.mecmaq.com.br\/wp-content\/uploads\/2022\/03\/agrishow13.jpg\" alt=\"\" data-id=\"11331\" data-full-url=\"http:\/\/www.mecmaq.com.br\/wp-content\/uploads\/2022\/03\/agrishow13.jpg\" data-link=\"http:\/\/www.mecmaq.com.br\/mecmaq-participa-da-25a-agrishow\/agrishow13\/\" class=\"wp-image-11331\"\/><\/figure><\/li><li class=\"blocks-gallery-item\"><figure><img loading=\"lazy\" decoding=\"async\" width=\"600\" height=\"417\" src=\"http:\/\/www.mecmaq.com.br\/wp-content\/uploads\/2022\/03\/agrishow14.jpg\" alt=\"\" data-id=\"11332\" data-full-url=\"http:\/\/www.mecmaq.com.br\/wp-content\/uploads\/2022\/03\/agrishow14.jpg\" data-link=\"http:\/\/www.mecmaq.com.br\/mecmaq-participa-da-25a-agrishow\/agrishow14\/\" class=\"wp-image-11332\"\/><\/figure><\/li><li class=\"blocks-gallery-item\"><figure><img loading=\"lazy\" decoding=\"async\" width=\"600\" height=\"417\" src=\"http:\/\/www.mecmaq.com.br\/wp-content\/uploads\/2022\/03\/agrishow2.jpg\" alt=\"\" data-id=\"11321\" data-full-url=\"http:\/\/www.mecmaq.com.br\/wp-content\/uploads\/2022\/03\/agrishow2.jpg\" data-link=\"http:\/\/www.mecmaq.com.br\/mecmaq-participa-da-25a-agrishow\/agrishow2\/\" class=\"wp-image-11321\"\/><\/figure><\/li><\/ul><\/figure>","protected":false},"excerpt":{"rendered":"<p>Uma das maiores feiras agr\u00edcolas do mundo e a maior da am\u00e9rica latina est\u00e1 de volta! O agroneg\u00f3cio brasileiro ter\u00e1 a oportunidade de participar de uma semana inovadora preparada especialmente para atender as demandas do produtor e da cadeia produtiva. A Agrishow Experience ser\u00e1 promovida de maneira 100% virtual e acontecer\u00e1 entre os dias 14 [&hellip;]<\/p>\n","protected":false},"author":1,"featured_media":11371,"comment_status":"closed","ping_status":"open","sticky":false,"template":"","format":"gallery","meta":{"_joinchat":[],"footnotes":""},"categories":[1],"tags":[],"class_list":["post-11368","post","type-post","status-publish","format-gallery","has-post-thumbnail","hentry","category-eventos","post_format-post-format-gallery"],"yoast_head":"<!-- This site is optimized with the Yoast SEO plugin v27.2 - https:\/\/yoast.com\/product\/yoast-seo-wordpress\/ -->\n<title>Contagem regressiva para a Agrishow 2020 - Mecmaq<\/title>\n<meta name=\"robots\" content=\"index, follow, max-snippet:-1, max-image-preview:large, max-video-preview:-1\" \/>\n<link rel=\"canonical\" href=\"https:\/\/www.mecmaq.com.br\/es\/contagem-regressiva-para-a-agrishow-2020\/\" \/>\n<meta property=\"og:locale\" content=\"es_ES\" \/>\n<meta property=\"og:type\" content=\"article\" \/>\n<meta property=\"og:title\" content=\"Contagem regressiva para a Agrishow 2020 - Mecmaq\" \/>\n<meta property=\"og:description\" content=\"Uma das maiores feiras agr\u00edcolas do mundo e a maior da am\u00e9rica latina est\u00e1 de volta! O agroneg\u00f3cio brasileiro ter\u00e1 a oportunidade de participar de uma semana inovadora preparada especialmente para atender as demandas do produtor e da cadeia produtiva. A Agrishow Experience ser\u00e1 promovida de maneira 100% virtual e acontecer\u00e1 entre os dias 14 [&hellip;]\" \/>\n<meta property=\"og:url\" content=\"https:\/\/www.mecmaq.com.br\/es\/contagem-regressiva-para-a-agrishow-2020\/\" \/>\n<meta property=\"og:site_name\" content=\"Mecmaq\" \/>\n<meta property=\"article:published_time\" content=\"2020-09-07T11:34:45+00:00\" \/>\n<meta property=\"article:modified_time\" content=\"2022-03-30T11:42:21+00:00\" \/>\n<meta property=\"og:image\" content=\"https:\/\/www.mecmaq.com.br\/wp-content\/uploads\/2022\/03\/Teste.jpg\" \/>\n\t<meta property=\"og:image:width\" content=\"600\" \/>\n\t<meta property=\"og:image:height\" content=\"417\" \/>\n\t<meta property=\"og:image:type\" content=\"image\/jpeg\" \/>\n<meta name=\"author\" content=\"admin\" \/>\n<meta name=\"twitter:card\" content=\"summary_large_image\" \/>\n<meta name=\"twitter:label1\" content=\"Escrito por\" \/>\n\t<meta name=\"twitter:data1\" content=\"admin\" \/>\n\t<meta name=\"twitter:label2\" content=\"Tiempo de lectura\" \/>\n\t<meta name=\"twitter:data2\" content=\"3 minutos\" \/>\n<script type=\"application\/ld+json\" class=\"yoast-schema-graph\">{\"@context\":\"https:\/\/schema.org\",\"@graph\":[{\"@type\":\"Article\",\"@id\":\"https:\/\/www.mecmaq.com.br\/contagem-regressiva-para-a-agrishow-2020\/#article\",\"isPartOf\":{\"@id\":\"https:\/\/www.mecmaq.com.br\/contagem-regressiva-para-a-agrishow-2020\/\"},\"author\":{\"name\":\"admin\",\"@id\":\"https:\/\/www.mecmaq.com.br\/#\/schema\/person\/1e4d93afa39e37e97da8a8be3dd03471\"},\"headline\":\"Contagem regressiva para a Agrishow 2020\",\"datePublished\":\"2020-09-07T11:34:45+00:00\",\"dateModified\":\"2022-03-30T11:42:21+00:00\",\"mainEntityOfPage\":{\"@id\":\"https:\/\/www.mecmaq.com.br\/contagem-regressiva-para-a-agrishow-2020\/\"},\"wordCount\":444,\"image\":{\"@id\":\"https:\/\/www.mecmaq.com.br\/contagem-regressiva-para-a-agrishow-2020\/#primaryimage\"},\"thumbnailUrl\":\"https:\/\/www.mecmaq.com.br\/wp-content\/uploads\/2022\/03\/Teste.jpg\",\"articleSection\":[\"Eventos\"],\"inLanguage\":\"es\"},{\"@type\":\"WebPage\",\"@id\":\"https:\/\/www.mecmaq.com.br\/contagem-regressiva-para-a-agrishow-2020\/\",\"url\":\"https:\/\/www.mecmaq.com.br\/contagem-regressiva-para-a-agrishow-2020\/\",\"name\":\"Contagem regressiva para a Agrishow 2020 - Mecmaq\",\"isPartOf\":{\"@id\":\"https:\/\/www.mecmaq.com.br\/#website\"},\"primaryImageOfPage\":{\"@id\":\"https:\/\/www.mecmaq.com.br\/contagem-regressiva-para-a-agrishow-2020\/#primaryimage\"},\"image\":{\"@id\":\"https:\/\/www.mecmaq.com.br\/contagem-regressiva-para-a-agrishow-2020\/#primaryimage\"},\"thumbnailUrl\":\"https:\/\/www.mecmaq.com.br\/wp-content\/uploads\/2022\/03\/Teste.jpg\",\"datePublished\":\"2020-09-07T11:34:45+00:00\",\"dateModified\":\"2022-03-30T11:42:21+00:00\",\"author\":{\"@id\":\"https:\/\/www.mecmaq.com.br\/#\/schema\/person\/1e4d93afa39e37e97da8a8be3dd03471\"},\"breadcrumb\":{\"@id\":\"https:\/\/www.mecmaq.com.br\/contagem-regressiva-para-a-agrishow-2020\/#breadcrumb\"},\"inLanguage\":\"es\",\"potentialAction\":[{\"@type\":\"ReadAction\",\"target\":[\"https:\/\/www.mecmaq.com.br\/contagem-regressiva-para-a-agrishow-2020\/\"]}]},{\"@type\":\"ImageObject\",\"inLanguage\":\"es\",\"@id\":\"https:\/\/www.mecmaq.com.br\/contagem-regressiva-para-a-agrishow-2020\/#primaryimage\",\"url\":\"https:\/\/www.mecmaq.com.br\/wp-content\/uploads\/2022\/03\/Teste.jpg\",\"contentUrl\":\"https:\/\/www.mecmaq.com.br\/wp-content\/uploads\/2022\/03\/Teste.jpg\",\"width\":600,\"height\":417},{\"@type\":\"BreadcrumbList\",\"@id\":\"https:\/\/www.mecmaq.com.br\/contagem-regressiva-para-a-agrishow-2020\/#breadcrumb\",\"itemListElement\":[{\"@type\":\"ListItem\",\"position\":1,\"name\":\"In\u00edcio\",\"item\":\"https:\/\/www.mecmaq.com.br\/\"},{\"@type\":\"ListItem\",\"position\":2,\"name\":\"Contagem regressiva para a Agrishow 2020\"}]},{\"@type\":\"WebSite\",\"@id\":\"https:\/\/www.mecmaq.com.br\/#website\",\"url\":\"https:\/\/www.mecmaq.com.br\/\",\"name\":\"Mecmaq\",\"description\":\"M\u00e1quinas Agr\u00edcolas\",\"potentialAction\":[{\"@type\":\"SearchAction\",\"target\":{\"@type\":\"EntryPoint\",\"urlTemplate\":\"https:\/\/www.mecmaq.com.br\/?s={search_term_string}\"},\"query-input\":{\"@type\":\"PropertyValueSpecification\",\"valueRequired\":true,\"valueName\":\"search_term_string\"}}],\"inLanguage\":\"es\"},{\"@type\":\"Person\",\"@id\":\"https:\/\/www.mecmaq.com.br\/#\/schema\/person\/1e4d93afa39e37e97da8a8be3dd03471\",\"name\":\"admin\",\"image\":{\"@type\":\"ImageObject\",\"inLanguage\":\"es\",\"@id\":\"https:\/\/www.mecmaq.com.br\/wp-content\/uploads\/2022\/03\/planta\u00e7\u00e3o-96x96.jpg\",\"url\":\"https:\/\/www.mecmaq.com.br\/wp-content\/uploads\/2022\/03\/planta\u00e7\u00e3o-96x96.jpg\",\"contentUrl\":\"https:\/\/www.mecmaq.com.br\/wp-content\/uploads\/2022\/03\/planta\u00e7\u00e3o-96x96.jpg\",\"caption\":\"admin\"},\"sameAs\":[\"http:\/\/www.mecmaq.com.br\"],\"url\":\"https:\/\/www.mecmaq.com.br\/es\/author\/admin\/\"}]}<\/script>\n<!-- \/ Yoast SEO plugin. -->","yoast_head_json":{"title":"Contagem regressiva para a Agrishow 2020 - Mecmaq","robots":{"index":"index","follow":"follow","max-snippet":"max-snippet:-1","max-image-preview":"max-image-preview:large","max-video-preview":"max-video-preview:-1"},"canonical":"https:\/\/www.mecmaq.com.br\/es\/contagem-regressiva-para-a-agrishow-2020\/","og_locale":"es_ES","og_type":"article","og_title":"Contagem regressiva para a Agrishow 2020 - Mecmaq","og_description":"Uma das maiores feiras agr\u00edcolas do mundo e a maior da am\u00e9rica latina est\u00e1 de volta! O agroneg\u00f3cio brasileiro ter\u00e1 a oportunidade de participar de uma semana inovadora preparada especialmente para atender as demandas do produtor e da cadeia produtiva. A Agrishow Experience ser\u00e1 promovida de maneira 100% virtual e acontecer\u00e1 entre os dias 14 [&hellip;]","og_url":"https:\/\/www.mecmaq.com.br\/es\/contagem-regressiva-para-a-agrishow-2020\/","og_site_name":"Mecmaq","article_published_time":"2020-09-07T11:34:45+00:00","article_modified_time":"2022-03-30T11:42:21+00:00","og_image":[{"width":600,"height":417,"url":"https:\/\/www.mecmaq.com.br\/wp-content\/uploads\/2022\/03\/Teste.jpg","type":"image\/jpeg"}],"author":"admin","twitter_card":"summary_large_image","twitter_misc":{"Escrito por":"admin","Tiempo de lectura":"3 minutos"},"schema":{"@context":"https:\/\/schema.org","@graph":[{"@type":"Article","@id":"https:\/\/www.mecmaq.com.br\/contagem-regressiva-para-a-agrishow-2020\/#article","isPartOf":{"@id":"https:\/\/www.mecmaq.com.br\/contagem-regressiva-para-a-agrishow-2020\/"},"author":{"name":"admin","@id":"https:\/\/www.mecmaq.com.br\/#\/schema\/person\/1e4d93afa39e37e97da8a8be3dd03471"},"headline":"Contagem regressiva para a Agrishow 2020","datePublished":"2020-09-07T11:34:45+00:00","dateModified":"2022-03-30T11:42:21+00:00","mainEntityOfPage":{"@id":"https:\/\/www.mecmaq.com.br\/contagem-regressiva-para-a-agrishow-2020\/"},"wordCount":444,"image":{"@id":"https:\/\/www.mecmaq.com.br\/contagem-regressiva-para-a-agrishow-2020\/#primaryimage"},"thumbnailUrl":"https:\/\/www.mecmaq.com.br\/wp-content\/uploads\/2022\/03\/Teste.jpg","articleSection":["Eventos"],"inLanguage":"es"},{"@type":"WebPage","@id":"https:\/\/www.mecmaq.com.br\/contagem-regressiva-para-a-agrishow-2020\/","url":"https:\/\/www.mecmaq.com.br\/contagem-regressiva-para-a-agrishow-2020\/","name":"Contagem regressiva para a Agrishow 2020 - Mecmaq","isPartOf":{"@id":"https:\/\/www.mecmaq.com.br\/#website"},"primaryImageOfPage":{"@id":"https:\/\/www.mecmaq.com.br\/contagem-regressiva-para-a-agrishow-2020\/#primaryimage"},"image":{"@id":"https:\/\/www.mecmaq.com.br\/contagem-regressiva-para-a-agrishow-2020\/#primaryimage"},"thumbnailUrl":"https:\/\/www.mecmaq.com.br\/wp-content\/uploads\/2022\/03\/Teste.jpg","datePublished":"2020-09-07T11:34:45+00:00","dateModified":"2022-03-30T11:42:21+00:00","author":{"@id":"https:\/\/www.mecmaq.com.br\/#\/schema\/person\/1e4d93afa39e37e97da8a8be3dd03471"},"breadcrumb":{"@id":"https:\/\/www.mecmaq.com.br\/contagem-regressiva-para-a-agrishow-2020\/#breadcrumb"},"inLanguage":"es","potentialAction":[{"@type":"ReadAction","target":["https:\/\/www.mecmaq.com.br\/contagem-regressiva-para-a-agrishow-2020\/"]}]},{"@type":"ImageObject","inLanguage":"es","@id":"https:\/\/www.mecmaq.com.br\/contagem-regressiva-para-a-agrishow-2020\/#primaryimage","url":"https:\/\/www.mecmaq.com.br\/wp-content\/uploads\/2022\/03\/Teste.jpg","contentUrl":"https:\/\/www.mecmaq.com.br\/wp-content\/uploads\/2022\/03\/Teste.jpg","width":600,"height":417},{"@type":"BreadcrumbList","@id":"https:\/\/www.mecmaq.com.br\/contagem-regressiva-para-a-agrishow-2020\/#breadcrumb","itemListElement":[{"@type":"ListItem","position":1,"name":"In\u00edcio","item":"https:\/\/www.mecmaq.com.br\/"},{"@type":"ListItem","position":2,"name":"Contagem regressiva para a Agrishow 2020"}]},{"@type":"WebSite","@id":"https:\/\/www.mecmaq.com.br\/#website","url":"https:\/\/www.mecmaq.com.br\/","name":"Mecmaq","description":"M\u00e1quinas Agr\u00edcolas","potentialAction":[{"@type":"SearchAction","target":{"@type":"EntryPoint","urlTemplate":"https:\/\/www.mecmaq.com.br\/?s={search_term_string}"},"query-input":{"@type":"PropertyValueSpecification","valueRequired":true,"valueName":"search_term_string"}}],"inLanguage":"es"},{"@type":"Person","@id":"https:\/\/www.mecmaq.com.br\/#\/schema\/person\/1e4d93afa39e37e97da8a8be3dd03471","name":"admin","image":{"@type":"ImageObject","inLanguage":"es","@id":"https:\/\/www.mecmaq.com.br\/wp-content\/uploads\/2022\/03\/planta\u00e7\u00e3o-96x96.jpg","url":"https:\/\/www.mecmaq.com.br\/wp-content\/uploads\/2022\/03\/planta\u00e7\u00e3o-96x96.jpg","contentUrl":"https:\/\/www.mecmaq.com.br\/wp-content\/uploads\/2022\/03\/planta\u00e7\u00e3o-96x96.jpg","caption":"admin"},"sameAs":["http:\/\/www.mecmaq.com.br"],"url":"https:\/\/www.mecmaq.com.br\/es\/author\/admin\/"}]}},"_links":{"self":[{"href":"https:\/\/www.mecmaq.com.br\/es\/wp-json\/wp\/v2\/posts\/11368","targetHints":{"allow":["GET"]}}],"collection":[{"href":"https:\/\/www.mecmaq.com.br\/es\/wp-json\/wp\/v2\/posts"}],"about":[{"href":"https:\/\/www.mecmaq.com.br\/es\/wp-json\/wp\/v2\/types\/post"}],"author":[{"embeddable":true,"href":"https:\/\/www.mecmaq.com.br\/es\/wp-json\/wp\/v2\/users\/1"}],"replies":[{"embeddable":true,"href":"https:\/\/www.mecmaq.com.br\/es\/wp-json\/wp\/v2\/comments?post=11368"}],"version-history":[{"count":1,"href":"https:\/\/www.mecmaq.com.br\/es\/wp-json\/wp\/v2\/posts\/11368\/revisions"}],"predecessor-version":[{"id":11370,"href":"https:\/\/www.mecmaq.com.br\/es\/wp-json\/wp\/v2\/posts\/11368\/revisions\/11370"}],"wp:featuredmedia":[{"embeddable":true,"href":"https:\/\/www.mecmaq.com.br\/es\/wp-json\/wp\/v2\/media\/11371"}],"wp:attachment":[{"href":"https:\/\/www.mecmaq.com.br\/es\/wp-json\/wp\/v2\/media?parent=11368"}],"wp:term":[{"taxonomy":"category","embeddable":true,"href":"https:\/\/www.mecmaq.com.br\/es\/wp-json\/wp\/v2\/categories?post=11368"},{"taxonomy":"post_tag","embeddable":true,"href":"https:\/\/www.mecmaq.com.br\/es\/wp-json\/wp\/v2\/tags?post=11368"}],"curies":[{"name":"wp","href":"https:\/\/api.w.org\/{rel}","templated":true}]}}