{"id":11383,"date":"2021-02-06T08:53:43","date_gmt":"2021-02-06T11:53:43","guid":{"rendered":"http:\/\/www.mecmaq.com.br\/?p=11383"},"modified":"2022-03-30T08:55:48","modified_gmt":"2022-03-30T11:55:48","slug":"agropecuaria-tem-maior-geracao-de-empregos-dos-ultimos-10-anos","status":"publish","type":"post","link":"https:\/\/www.mecmaq.com.br\/es\/agropecuaria-tem-maior-geracao-de-empregos-dos-ultimos-10-anos\/","title":{"rendered":"La agricultura tiene la mayor generaci\u00f3n de empleos en los \u00faltimos 10 a\u00f1os"},"content":{"rendered":"<p id=\"viewer-foo\" class=\"mm8Nw _1j-51 iWv3d _1FoOD _3M0Fe aujbK iWv3d public-DraftStyleDefault-block-depth0 fixed-tab-size public-DraftStyleDefault-text-ltr\"><span class=\"_2PHJq public-DraftStyleDefault-ltr\">La agricultura brasile\u00f1a cre\u00f3 61.637 puestos de trabajo el a\u00f1o pasado, seg\u00fan datos del Registro General de Empleados y Desempleados (Caged), divulgados por el Ministerio del Trabajo. Este es el mejor resultado desde 2011, cuando la bolsa de trabajo del sector se expandi\u00f3 en 85.585 puestos.<\/span><\/p>\n<p id=\"viewer-2q9k4\" class=\"mm8Nw _1j-51 iWv3d _1FoOD _3M0Fe aujbK iWv3d public-DraftStyleDefault-block-depth0 fixed-tab-size public-DraftStyleDefault-text-ltr\"><span class=\"_2PHJq public-DraftStyleDefault-ltr\">Entre las actividades que m\u00e1s generaron empleos con contrato laboral en 2020, la soja encabez\u00f3 el ranking, con 13.396 empleos. Tambi\u00e9n destaca caf\u00e9 (6.284 entradas nuevas). En ganader\u00eda, la ganader\u00eda (+11.598) y la avicultura (+5.993) fueron las actividades que m\u00e1s aportaron a la bolsa de trabajo.<\/span><\/p>\n<p class=\"mm8Nw _1j-51 iWv3d _1FoOD _3M0Fe aujbK iWv3d public-DraftStyleDefault-block-depth0 fixed-tab-size public-DraftStyleDefault-text-ltr\"><span class=\"_2PHJq public-DraftStyleDefault-ltr\">Tambi\u00e9n seg\u00fan los datos, 3 de cada 4 empleos creados en el sector agr\u00edcola est\u00e1n en la regi\u00f3n Sudeste, especialmente en S\u00e3o Paulo, que creci\u00f3 en 46.475 empleos en 2020.<\/span><\/p>\n<h3 id=\"viewer-466dc\" class=\"_3qMKZ _1j-51 _1FoOD _3M0Fe aujbK iWv3d public-DraftStyleDefault-block-depth0 fixed-tab-size public-DraftStyleDefault-text-ltr\"><span class=\"_2PHJq public-DraftStyleDefault-ltr\"><strong>Agricultura resiliente en medio de la crisis<\/strong><\/span><\/h3>\n<p id=\"viewer-71rno\" class=\"mm8Nw _1j-51 iWv3d _1FoOD _3M0Fe aujbK iWv3d public-DraftStyleDefault-block-depth0 fixed-tab-size public-DraftStyleDefault-text-ltr\"><span class=\"_2PHJq public-DraftStyleDefault-ltr\">La Confederaci\u00f3n de Agricultura y Ganader\u00eda de Brasil (CNA) analiz\u00f3 los datos del Caged y se\u00f1ala que los buenos resultados revelan el dinamismo del sector en 2020. \u201cA pesar de los altos costos de producci\u00f3n, ha mostrado resiliencia frente a la crisis\u201d, dice la entidad.<\/span><\/p>\n<p id=\"viewer-aj9rg\" class=\"mm8Nw _1j-51 iWv3d _1FoOD _3M0Fe aujbK iWv3d public-DraftStyleDefault-block-depth0 fixed-tab-size public-DraftStyleDefault-text-ltr\"><span class=\"_2PHJq public-DraftStyleDefault-ltr\">En t\u00e9rminos macro, el sector en su conjunto mostr\u00f3 un desempe\u00f1o destacado en 2020: un r\u00e9cord de US$ 100.800 millones en exportaciones de productos agroindustriales, un crecimiento del 18,2% en el valor bruto de la producci\u00f3n, seg\u00fan la CNA, y un incremento del 16 . 8% del PIB agroindustrial en los primeros 10 meses del a\u00f1o, seg\u00fan CNA y Cepea.<\/span><\/p>","protected":false},"excerpt":{"rendered":"<p>A agropecu\u00e1ria brasileira abriu 61.637 vagas de emprego no ano passado, de acordo com dados do Cadastro Geral de Empregados e Desempregados (Caged), divulgados pela Secretaria do Trabalho. Esse \u00e9 o melhor resultado desde 2011, quando a expans\u00e3o no mercado de trabalho do setor foi de 85.585 vagas. Entre as atividades que mais criaram postos [&hellip;]<\/p>\n","protected":false},"author":1,"featured_media":11384,"comment_status":"closed","ping_status":"open","sticky":false,"template":"","format":"gallery","meta":{"_joinchat":[],"footnotes":""},"categories":[18],"tags":[],"class_list":["post-11383","post","type-post","status-publish","format-gallery","has-post-thumbnail","hentry","category-agricultura","post_format-post-format-gallery"],"yoast_head":"<!-- This site is optimized with the Yoast SEO plugin v27.2 - https:\/\/yoast.com\/product\/yoast-seo-wordpress\/ -->\n<title>Agropecu\u00e1ria tem maior gera\u00e7\u00e3o de empregos dos \u00faltimos 10 anos - Mecmaq<\/title>\n<meta name=\"robots\" content=\"index, follow, max-snippet:-1, max-image-preview:large, max-video-preview:-1\" \/>\n<link rel=\"canonical\" href=\"https:\/\/www.mecmaq.com.br\/es\/agropecuaria-tem-maior-geracao-de-empregos-dos-ultimos-10-anos\/\" \/>\n<meta property=\"og:locale\" content=\"es_ES\" \/>\n<meta property=\"og:type\" content=\"article\" \/>\n<meta property=\"og:title\" content=\"Agropecu\u00e1ria tem maior gera\u00e7\u00e3o de empregos dos \u00faltimos 10 anos - Mecmaq\" \/>\n<meta property=\"og:description\" content=\"A agropecu\u00e1ria brasileira abriu 61.637 vagas de emprego no ano passado, de acordo com dados do Cadastro Geral de Empregados e Desempregados (Caged), divulgados pela Secretaria do Trabalho. Esse \u00e9 o melhor resultado desde 2011, quando a expans\u00e3o no mercado de trabalho do setor foi de 85.585 vagas. Entre as atividades que mais criaram postos [&hellip;]\" \/>\n<meta property=\"og:url\" content=\"https:\/\/www.mecmaq.com.br\/es\/agropecuaria-tem-maior-geracao-de-empregos-dos-ultimos-10-anos\/\" \/>\n<meta property=\"og:site_name\" content=\"Mecmaq\" \/>\n<meta property=\"article:published_time\" content=\"2021-02-06T11:53:43+00:00\" \/>\n<meta property=\"article:modified_time\" content=\"2022-03-30T11:55:48+00:00\" \/>\n<meta property=\"og:image\" content=\"https:\/\/www.mecmaq.com.br\/wp-content\/uploads\/2022\/03\/86182d_7dd8e6cac60d4bda9fd9aecdeac1770b_mv2.jpg\" \/>\n\t<meta property=\"og:image:width\" content=\"600\" \/>\n\t<meta property=\"og:image:height\" content=\"417\" \/>\n\t<meta property=\"og:image:type\" content=\"image\/jpeg\" \/>\n<meta name=\"author\" content=\"admin\" \/>\n<meta name=\"twitter:card\" content=\"summary_large_image\" \/>\n<meta name=\"twitter:label1\" content=\"Escrito por\" \/>\n\t<meta name=\"twitter:data1\" content=\"admin\" \/>\n\t<meta name=\"twitter:label2\" content=\"Tiempo de lectura\" \/>\n\t<meta name=\"twitter:data2\" content=\"2 minutos\" \/>\n<script type=\"application\/ld+json\" class=\"yoast-schema-graph\">{\"@context\":\"https:\/\/schema.org\",\"@graph\":[{\"@type\":\"Article\",\"@id\":\"https:\/\/www.mecmaq.com.br\/agropecuaria-tem-maior-geracao-de-empregos-dos-ultimos-10-anos\/#article\",\"isPartOf\":{\"@id\":\"https:\/\/www.mecmaq.com.br\/agropecuaria-tem-maior-geracao-de-empregos-dos-ultimos-10-anos\/\"},\"author\":{\"name\":\"admin\",\"@id\":\"https:\/\/www.mecmaq.com.br\/#\/schema\/person\/1e4d93afa39e37e97da8a8be3dd03471\"},\"headline\":\"Agropecu\u00e1ria tem maior gera\u00e7\u00e3o de empregos dos \u00faltimos 10 anos\",\"datePublished\":\"2021-02-06T11:53:43+00:00\",\"dateModified\":\"2022-03-30T11:55:48+00:00\",\"mainEntityOfPage\":{\"@id\":\"https:\/\/www.mecmaq.com.br\/agropecuaria-tem-maior-geracao-de-empregos-dos-ultimos-10-anos\/\"},\"wordCount\":244,\"image\":{\"@id\":\"https:\/\/www.mecmaq.com.br\/agropecuaria-tem-maior-geracao-de-empregos-dos-ultimos-10-anos\/#primaryimage\"},\"thumbnailUrl\":\"https:\/\/www.mecmaq.com.br\/wp-content\/uploads\/2022\/03\/86182d_7dd8e6cac60d4bda9fd9aecdeac1770b_mv2.jpg\",\"articleSection\":[\"Agricultura\"],\"inLanguage\":\"es\"},{\"@type\":\"WebPage\",\"@id\":\"https:\/\/www.mecmaq.com.br\/agropecuaria-tem-maior-geracao-de-empregos-dos-ultimos-10-anos\/\",\"url\":\"https:\/\/www.mecmaq.com.br\/agropecuaria-tem-maior-geracao-de-empregos-dos-ultimos-10-anos\/\",\"name\":\"Agropecu\u00e1ria tem maior gera\u00e7\u00e3o de empregos dos \u00faltimos 10 anos - Mecmaq\",\"isPartOf\":{\"@id\":\"https:\/\/www.mecmaq.com.br\/#website\"},\"primaryImageOfPage\":{\"@id\":\"https:\/\/www.mecmaq.com.br\/agropecuaria-tem-maior-geracao-de-empregos-dos-ultimos-10-anos\/#primaryimage\"},\"image\":{\"@id\":\"https:\/\/www.mecmaq.com.br\/agropecuaria-tem-maior-geracao-de-empregos-dos-ultimos-10-anos\/#primaryimage\"},\"thumbnailUrl\":\"https:\/\/www.mecmaq.com.br\/wp-content\/uploads\/2022\/03\/86182d_7dd8e6cac60d4bda9fd9aecdeac1770b_mv2.jpg\",\"datePublished\":\"2021-02-06T11:53:43+00:00\",\"dateModified\":\"2022-03-30T11:55:48+00:00\",\"author\":{\"@id\":\"https:\/\/www.mecmaq.com.br\/#\/schema\/person\/1e4d93afa39e37e97da8a8be3dd03471\"},\"breadcrumb\":{\"@id\":\"https:\/\/www.mecmaq.com.br\/agropecuaria-tem-maior-geracao-de-empregos-dos-ultimos-10-anos\/#breadcrumb\"},\"inLanguage\":\"es\",\"potentialAction\":[{\"@type\":\"ReadAction\",\"target\":[\"https:\/\/www.mecmaq.com.br\/agropecuaria-tem-maior-geracao-de-empregos-dos-ultimos-10-anos\/\"]}]},{\"@type\":\"ImageObject\",\"inLanguage\":\"es\",\"@id\":\"https:\/\/www.mecmaq.com.br\/agropecuaria-tem-maior-geracao-de-empregos-dos-ultimos-10-anos\/#primaryimage\",\"url\":\"https:\/\/www.mecmaq.com.br\/wp-content\/uploads\/2022\/03\/86182d_7dd8e6cac60d4bda9fd9aecdeac1770b_mv2.jpg\",\"contentUrl\":\"https:\/\/www.mecmaq.com.br\/wp-content\/uploads\/2022\/03\/86182d_7dd8e6cac60d4bda9fd9aecdeac1770b_mv2.jpg\",\"width\":600,\"height\":417},{\"@type\":\"BreadcrumbList\",\"@id\":\"https:\/\/www.mecmaq.com.br\/agropecuaria-tem-maior-geracao-de-empregos-dos-ultimos-10-anos\/#breadcrumb\",\"itemListElement\":[{\"@type\":\"ListItem\",\"position\":1,\"name\":\"In\u00edcio\",\"item\":\"https:\/\/www.mecmaq.com.br\/\"},{\"@type\":\"ListItem\",\"position\":2,\"name\":\"Agropecu\u00e1ria tem maior gera\u00e7\u00e3o de empregos dos \u00faltimos 10 anos\"}]},{\"@type\":\"WebSite\",\"@id\":\"https:\/\/www.mecmaq.com.br\/#website\",\"url\":\"https:\/\/www.mecmaq.com.br\/\",\"name\":\"Mecmaq\",\"description\":\"M\u00e1quinas Agr\u00edcolas\",\"potentialAction\":[{\"@type\":\"SearchAction\",\"target\":{\"@type\":\"EntryPoint\",\"urlTemplate\":\"https:\/\/www.mecmaq.com.br\/?s={search_term_string}\"},\"query-input\":{\"@type\":\"PropertyValueSpecification\",\"valueRequired\":true,\"valueName\":\"search_term_string\"}}],\"inLanguage\":\"es\"},{\"@type\":\"Person\",\"@id\":\"https:\/\/www.mecmaq.com.br\/#\/schema\/person\/1e4d93afa39e37e97da8a8be3dd03471\",\"name\":\"admin\",\"image\":{\"@type\":\"ImageObject\",\"inLanguage\":\"es\",\"@id\":\"https:\/\/www.mecmaq.com.br\/wp-content\/uploads\/2022\/03\/planta\u00e7\u00e3o-96x96.jpg\",\"url\":\"https:\/\/www.mecmaq.com.br\/wp-content\/uploads\/2022\/03\/planta\u00e7\u00e3o-96x96.jpg\",\"contentUrl\":\"https:\/\/www.mecmaq.com.br\/wp-content\/uploads\/2022\/03\/planta\u00e7\u00e3o-96x96.jpg\",\"caption\":\"admin\"},\"sameAs\":[\"http:\/\/www.mecmaq.com.br\"],\"url\":\"https:\/\/www.mecmaq.com.br\/es\/author\/admin\/\"}]}<\/script>\n<!-- \/ Yoast SEO plugin. -->","yoast_head_json":{"title":"Agropecu\u00e1ria tem maior gera\u00e7\u00e3o de empregos dos \u00faltimos 10 anos - Mecmaq","robots":{"index":"index","follow":"follow","max-snippet":"max-snippet:-1","max-image-preview":"max-image-preview:large","max-video-preview":"max-video-preview:-1"},"canonical":"https:\/\/www.mecmaq.com.br\/es\/agropecuaria-tem-maior-geracao-de-empregos-dos-ultimos-10-anos\/","og_locale":"es_ES","og_type":"article","og_title":"Agropecu\u00e1ria tem maior gera\u00e7\u00e3o de empregos dos \u00faltimos 10 anos - Mecmaq","og_description":"A agropecu\u00e1ria brasileira abriu 61.637 vagas de emprego no ano passado, de acordo com dados do Cadastro Geral de Empregados e Desempregados (Caged), divulgados pela Secretaria do Trabalho. Esse \u00e9 o melhor resultado desde 2011, quando a expans\u00e3o no mercado de trabalho do setor foi de 85.585 vagas. Entre as atividades que mais criaram postos [&hellip;]","og_url":"https:\/\/www.mecmaq.com.br\/es\/agropecuaria-tem-maior-geracao-de-empregos-dos-ultimos-10-anos\/","og_site_name":"Mecmaq","article_published_time":"2021-02-06T11:53:43+00:00","article_modified_time":"2022-03-30T11:55:48+00:00","og_image":[{"width":600,"height":417,"url":"https:\/\/www.mecmaq.com.br\/wp-content\/uploads\/2022\/03\/86182d_7dd8e6cac60d4bda9fd9aecdeac1770b_mv2.jpg","type":"image\/jpeg"}],"author":"admin","twitter_card":"summary_large_image","twitter_misc":{"Escrito por":"admin","Tiempo de lectura":"2 minutos"},"schema":{"@context":"https:\/\/schema.org","@graph":[{"@type":"Article","@id":"https:\/\/www.mecmaq.com.br\/agropecuaria-tem-maior-geracao-de-empregos-dos-ultimos-10-anos\/#article","isPartOf":{"@id":"https:\/\/www.mecmaq.com.br\/agropecuaria-tem-maior-geracao-de-empregos-dos-ultimos-10-anos\/"},"author":{"name":"admin","@id":"https:\/\/www.mecmaq.com.br\/#\/schema\/person\/1e4d93afa39e37e97da8a8be3dd03471"},"headline":"Agropecu\u00e1ria tem maior gera\u00e7\u00e3o de empregos dos \u00faltimos 10 anos","datePublished":"2021-02-06T11:53:43+00:00","dateModified":"2022-03-30T11:55:48+00:00","mainEntityOfPage":{"@id":"https:\/\/www.mecmaq.com.br\/agropecuaria-tem-maior-geracao-de-empregos-dos-ultimos-10-anos\/"},"wordCount":244,"image":{"@id":"https:\/\/www.mecmaq.com.br\/agropecuaria-tem-maior-geracao-de-empregos-dos-ultimos-10-anos\/#primaryimage"},"thumbnailUrl":"https:\/\/www.mecmaq.com.br\/wp-content\/uploads\/2022\/03\/86182d_7dd8e6cac60d4bda9fd9aecdeac1770b_mv2.jpg","articleSection":["Agricultura"],"inLanguage":"es"},{"@type":"WebPage","@id":"https:\/\/www.mecmaq.com.br\/agropecuaria-tem-maior-geracao-de-empregos-dos-ultimos-10-anos\/","url":"https:\/\/www.mecmaq.com.br\/agropecuaria-tem-maior-geracao-de-empregos-dos-ultimos-10-anos\/","name":"Agropecu\u00e1ria tem maior gera\u00e7\u00e3o de empregos dos \u00faltimos 10 anos - Mecmaq","isPartOf":{"@id":"https:\/\/www.mecmaq.com.br\/#website"},"primaryImageOfPage":{"@id":"https:\/\/www.mecmaq.com.br\/agropecuaria-tem-maior-geracao-de-empregos-dos-ultimos-10-anos\/#primaryimage"},"image":{"@id":"https:\/\/www.mecmaq.com.br\/agropecuaria-tem-maior-geracao-de-empregos-dos-ultimos-10-anos\/#primaryimage"},"thumbnailUrl":"https:\/\/www.mecmaq.com.br\/wp-content\/uploads\/2022\/03\/86182d_7dd8e6cac60d4bda9fd9aecdeac1770b_mv2.jpg","datePublished":"2021-02-06T11:53:43+00:00","dateModified":"2022-03-30T11:55:48+00:00","author":{"@id":"https:\/\/www.mecmaq.com.br\/#\/schema\/person\/1e4d93afa39e37e97da8a8be3dd03471"},"breadcrumb":{"@id":"https:\/\/www.mecmaq.com.br\/agropecuaria-tem-maior-geracao-de-empregos-dos-ultimos-10-anos\/#breadcrumb"},"inLanguage":"es","potentialAction":[{"@type":"ReadAction","target":["https:\/\/www.mecmaq.com.br\/agropecuaria-tem-maior-geracao-de-empregos-dos-ultimos-10-anos\/"]}]},{"@type":"ImageObject","inLanguage":"es","@id":"https:\/\/www.mecmaq.com.br\/agropecuaria-tem-maior-geracao-de-empregos-dos-ultimos-10-anos\/#primaryimage","url":"https:\/\/www.mecmaq.com.br\/wp-content\/uploads\/2022\/03\/86182d_7dd8e6cac60d4bda9fd9aecdeac1770b_mv2.jpg","contentUrl":"https:\/\/www.mecmaq.com.br\/wp-content\/uploads\/2022\/03\/86182d_7dd8e6cac60d4bda9fd9aecdeac1770b_mv2.jpg","width":600,"height":417},{"@type":"BreadcrumbList","@id":"https:\/\/www.mecmaq.com.br\/agropecuaria-tem-maior-geracao-de-empregos-dos-ultimos-10-anos\/#breadcrumb","itemListElement":[{"@type":"ListItem","position":1,"name":"In\u00edcio","item":"https:\/\/www.mecmaq.com.br\/"},{"@type":"ListItem","position":2,"name":"Agropecu\u00e1ria tem maior gera\u00e7\u00e3o de empregos dos \u00faltimos 10 anos"}]},{"@type":"WebSite","@id":"https:\/\/www.mecmaq.com.br\/#website","url":"https:\/\/www.mecmaq.com.br\/","name":"Mecmaq","description":"M\u00e1quinas Agr\u00edcolas","potentialAction":[{"@type":"SearchAction","target":{"@type":"EntryPoint","urlTemplate":"https:\/\/www.mecmaq.com.br\/?s={search_term_string}"},"query-input":{"@type":"PropertyValueSpecification","valueRequired":true,"valueName":"search_term_string"}}],"inLanguage":"es"},{"@type":"Person","@id":"https:\/\/www.mecmaq.com.br\/#\/schema\/person\/1e4d93afa39e37e97da8a8be3dd03471","name":"admin","image":{"@type":"ImageObject","inLanguage":"es","@id":"https:\/\/www.mecmaq.com.br\/wp-content\/uploads\/2022\/03\/planta\u00e7\u00e3o-96x96.jpg","url":"https:\/\/www.mecmaq.com.br\/wp-content\/uploads\/2022\/03\/planta\u00e7\u00e3o-96x96.jpg","contentUrl":"https:\/\/www.mecmaq.com.br\/wp-content\/uploads\/2022\/03\/planta\u00e7\u00e3o-96x96.jpg","caption":"admin"},"sameAs":["http:\/\/www.mecmaq.com.br"],"url":"https:\/\/www.mecmaq.com.br\/es\/author\/admin\/"}]}},"_links":{"self":[{"href":"https:\/\/www.mecmaq.com.br\/es\/wp-json\/wp\/v2\/posts\/11383","targetHints":{"allow":["GET"]}}],"collection":[{"href":"https:\/\/www.mecmaq.com.br\/es\/wp-json\/wp\/v2\/posts"}],"about":[{"href":"https:\/\/www.mecmaq.com.br\/es\/wp-json\/wp\/v2\/types\/post"}],"author":[{"embeddable":true,"href":"https:\/\/www.mecmaq.com.br\/es\/wp-json\/wp\/v2\/users\/1"}],"replies":[{"embeddable":true,"href":"https:\/\/www.mecmaq.com.br\/es\/wp-json\/wp\/v2\/comments?post=11383"}],"version-history":[{"count":1,"href":"https:\/\/www.mecmaq.com.br\/es\/wp-json\/wp\/v2\/posts\/11383\/revisions"}],"predecessor-version":[{"id":11385,"href":"https:\/\/www.mecmaq.com.br\/es\/wp-json\/wp\/v2\/posts\/11383\/revisions\/11385"}],"wp:featuredmedia":[{"embeddable":true,"href":"https:\/\/www.mecmaq.com.br\/es\/wp-json\/wp\/v2\/media\/11384"}],"wp:attachment":[{"href":"https:\/\/www.mecmaq.com.br\/es\/wp-json\/wp\/v2\/media?parent=11383"}],"wp:term":[{"taxonomy":"category","embeddable":true,"href":"https:\/\/www.mecmaq.com.br\/es\/wp-json\/wp\/v2\/categories?post=11383"},{"taxonomy":"post_tag","embeddable":true,"href":"https:\/\/www.mecmaq.com.br\/es\/wp-json\/wp\/v2\/tags?post=11383"}],"curies":[{"name":"wp","href":"https:\/\/api.w.org\/{rel}","templated":true}]}}