{"id":11390,"date":"2021-05-17T08:59:00","date_gmt":"2021-05-17T11:59:00","guid":{"rendered":"http:\/\/www.mecmaq.com.br\/?p=11390"},"modified":"2022-03-30T09:03:17","modified_gmt":"2022-03-30T12:03:17","slug":"tratamento-de-sementes-e-instabilidade-climatica-saiba-mais","status":"publish","type":"post","link":"https:\/\/www.mecmaq.com.br\/es\/tratamento-de-sementes-e-instabilidade-climatica-saiba-mais\/","title":{"rendered":"\u00bfTratamiento de semillas e inestabilidad clim\u00e1tica? sepa mas"},"content":{"rendered":"<h3 id=\"viewer-foo\" class=\"_3qMKZ _1j-51 _1FoOD _3M0Fe aujbK iWv3d public-DraftStyleDefault-block-depth0 fixed-tab-size public-DraftStyleDefault-text-ltr\"><span class=\"_2PHJq public-DraftStyleDefault-ltr\">M\u00e1s del 95% de las semillas de soja y ma\u00edz plantadas en Brasil ya est\u00e1n protegidas mediante tratamiento.<\/span><\/h3>\n<p id=\"viewer-4kfol\" class=\"mm8Nw _1j-51 iWv3d _1FoOD _78FBa b+iTF iWv3d public-DraftStyleDefault-block-depth0 fixed-tab-size public-DraftStyleDefault-text-ltr\"><span class=\"_2PHJq public-DraftStyleDefault-ltr\">Control de plagas y enfermedades, protecci\u00f3n en la etapa inicial de siembra y mayor resistencia a diversos estreses son algunos de los beneficios que brinda el tratamiento de semillas. Muy difundida en los principales cultivos brasile\u00f1os, la t\u00e9cnica gana a\u00fan m\u00e1s importancia en medio de las condiciones clim\u00e1ticas adversas registradas en algunas de las principales regiones productoras del pa\u00eds.<\/span><\/p>\n<p id=\"viewer-f6hlb\" class=\"mm8Nw _1j-51 iWv3d _1FoOD _78FBa b+iTF iWv3d public-DraftStyleDefault-block-depth0 fixed-tab-size public-DraftStyleDefault-text-ltr\"><span class=\"_2PHJq public-DraftStyleDefault-ltr\">El tratamiento consiste en aplicar pesticidas qu\u00edmicos y\/o biol\u00f3gicos a las semillas, con el objetivo de controlar enfermedades y plagas que puedan atacar al cultivo al inicio de su desarrollo.<\/span><\/p>\n<p id=\"viewer-dmsig\" class=\"mm8Nw _1j-51 iWv3d _1FoOD _78FBa b+iTF iWv3d public-DraftStyleDefault-block-depth0 fixed-tab-size public-DraftStyleDefault-text-ltr\"><span class=\"_2PHJq public-DraftStyleDefault-ltr\">M\u00e1s del 95% de las semillas de soja y ma\u00edz plantadas en Brasil ya est\u00e1n protegidas por tratamiento, seg\u00fan Embrapa, lo que demuestra la relevancia de la tecnolog\u00eda y el alto retorno financiero, dado que el costo es relativamente bajo para el productor. Un estudio realizado por investigadores de Embrapa Agropecu\u00e1ria Oeste que analiz\u00f3 la inversi\u00f3n en la t\u00e9cnica durante diez a\u00f1os mostr\u00f3 que el gasto con el tratamiento de semillas correspondi\u00f3 al 2,2% del costo total de producci\u00f3n de una hect\u00e1rea de cultivos de soja en el per\u00edodo 2008\/2009 y cosechas 2018\/2019.<\/span><\/p>\n<p id=\"viewer-dhmj8\" class=\"mm8Nw _1j-51 iWv3d _1FoOD _78FBa b+iTF iWv3d public-DraftStyleDefault-block-depth0 fixed-tab-size public-DraftStyleDefault-text-ltr\"><span class=\"_2PHJq public-DraftStyleDefault-ltr\">El tratamiento de semillas es una herramienta esencial para la protecci\u00f3n contra enfermedades y plagas que amenazan la fase inicial del cultivo, la emergencia de las plantas, seg\u00fan Bruno Vilarino, Coordinador de Marketing del SeedGrowth Center, en Bayer. \u201cEl trabajo del agricultor se ha vuelto m\u00e1s desafiante con cada cosecha, por lo que es importante que cuente con el apoyo necesario y una gama completa de soluciones que lo ayuden a producir m\u00e1s, en la misma \u00e1rea, de manera m\u00e1s sustentable y con mayor rentabilidad. . Y el tratamiento de semillas es una parte importante de este conjunto de soluciones\u201d, dice.<\/span><\/p>\n<p id=\"viewer-1namj\" class=\"mm8Nw _1j-51 iWv3d _1FoOD _78FBa b+iTF iWv3d public-DraftStyleDefault-block-depth0 fixed-tab-size public-DraftStyleDefault-text-ltr\"><span class=\"_2PHJq public-DraftStyleDefault-ltr\">El tratamiento de semillas es una herramienta esencial para la protecci\u00f3n contra enfermedades y plagas que amenazan la fase inicial del cultivo, la emergencia de las plantas, seg\u00fan Bruno Vilarino, Coordinador de Marketing del SeedGrowth Center, en Bayer. \u201cEl trabajo del agricultor se ha vuelto m\u00e1s desafiante con cada cosecha, por lo que es importante que cuente con el apoyo necesario y una gama completa de soluciones que lo ayuden a producir m\u00e1s, en la misma \u00e1rea, de manera m\u00e1s sustentable y con mayor rentabilidad. . Y el tratamiento de semillas es una parte importante de este conjunto de soluciones\u201d, dice.<\/span><\/p>\n<p id=\"viewer-as953\" class=\"mm8Nw _1j-51 iWv3d _1FoOD _78FBa b+iTF iWv3d public-DraftStyleDefault-block-depth0 fixed-tab-size public-DraftStyleDefault-text-ltr\"><span class=\"_2PHJq public-DraftStyleDefault-ltr\">\u201cEl tratamiento industrial de semillas est\u00e1 en auge en Brasil y agrega ventajas relacionadas con una mayor precisi\u00f3n del tratamiento, mantenimiento de la calidad de la semilla y reducci\u00f3n del riesgo de exposici\u00f3n, contribuyendo a la seguridad del operador y del medio ambiente. La t\u00e9cnica On Farm, en cambio, se realiza directamente en las fincas, fuera de un ambiente m\u00e1s controlado como el industrial\u201d, explica el ejecutivo.<\/span><\/p>\n<p id=\"viewer-3078m\" class=\"mm8Nw _1j-51 iWv3d _1FoOD _78FBa b+iTF iWv3d public-DraftStyleDefault-block-depth0 fixed-tab-size public-DraftStyleDefault-text-ltr\"><span class=\"_2PHJq public-DraftStyleDefault-ltr\">Las semillas de ma\u00edz, por ejemplo, se tratan de forma rutinaria con pesticidas qu\u00edmicos como insecticidas y fungicidas, lo que ayuda al desarrollo del cultivo, ya que las plagas iniciales pueden llegar a la planta poco despu\u00e9s de que emerja el cultivo. Si no hay protecci\u00f3n, es posible observar una reducci\u00f3n del rodal seg\u00fan la infestaci\u00f3n de insectos y la intensidad de los ataques.<\/span><\/p>\n<p id=\"viewer-9uo2s\" class=\"mm8Nw _1j-51 iWv3d _1FoOD _78FBa b+iTF iWv3d public-DraftStyleDefault-block-depth0 fixed-tab-size public-DraftStyleDefault-text-ltr\"><span class=\"_2PHJq public-DraftStyleDefault-ltr\">Cuente con Mecmaq para garantizar un tratamiento de semillas de alta calidad, a trav\u00e9s de las l\u00edneas On farm, Industrial e Research. El uso de nuestras m\u00e1quinas es un resultado de gran satisfacci\u00f3n para nuestros clientes, siendo una fuente de rentabilidad combinada con una alta rentabilidad.<\/span><\/p>\n\n\n<iframe width=\"560\" height=\"315\" src=\"https:\/\/www.youtube.com\/embed\/ltjHk_yB2d8\" title=\"YouTube video player\" frameborder=\"0\" allow=\"accelerometer; autoplay; clipboard-write; encrypted-media; gyroscope; picture-in-picture\" allowfullscreen><\/iframe>\n\n\n\n<iframe width=\"560\" height=\"315\" src=\"https:\/\/www.youtube.com\/embed\/bYlhrvZ0DLY\" title=\"YouTube video player\" frameborder=\"0\" allow=\"accelerometer; autoplay; clipboard-write; encrypted-media; gyroscope; picture-in-picture\" allowfullscreen><\/iframe>\n\n\n\n<iframe width=\"560\" height=\"315\" src=\"https:\/\/www.youtube.com\/embed\/UQPXWA_t2ko\" title=\"YouTube video player\" frameborder=\"0\" allow=\"accelerometer; autoplay; clipboard-write; encrypted-media; gyroscope; picture-in-picture\" allowfullscreen><\/iframe>","protected":false},"excerpt":{"rendered":"<p>Mais de 95% das sementes de soja e milho plantadas no Brasil j\u00e1 s\u00e3o protegidas atrav\u00e9s de tratamento. Controle de pragas e doen\u00e7as, prote\u00e7\u00e3o no est\u00e1gio inicial do plantio e maior resist\u00eancia a estresses diversos s\u00e3o alguns dos benef\u00edcios propiciados pelo tratamento de sementes. Bastante difundida nas principais culturas brasileiras, a t\u00e9cnica ganha ainda mais [&hellip;]<\/p>\n","protected":false},"author":1,"featured_media":11391,"comment_status":"closed","ping_status":"open","sticky":false,"template":"","format":"gallery","meta":{"_joinchat":[],"footnotes":""},"categories":[18,114],"tags":[],"class_list":["post-11390","post","type-post","status-publish","format-gallery","has-post-thumbnail","hentry","category-agricultura","category-maquinas","post_format-post-format-gallery"],"yoast_head":"<!-- This site is optimized with the Yoast SEO plugin v27.2 - https:\/\/yoast.com\/product\/yoast-seo-wordpress\/ -->\n<title>Tratamento de sementes e instabilidade clim\u00e1tica? Saiba mais - Mecmaq<\/title>\n<meta name=\"robots\" content=\"index, follow, max-snippet:-1, max-image-preview:large, max-video-preview:-1\" \/>\n<link rel=\"canonical\" href=\"https:\/\/www.mecmaq.com.br\/es\/tratamento-de-sementes-e-instabilidade-climatica-saiba-mais\/\" \/>\n<meta property=\"og:locale\" content=\"es_ES\" \/>\n<meta property=\"og:type\" content=\"article\" \/>\n<meta property=\"og:title\" content=\"Tratamento de sementes e instabilidade clim\u00e1tica? Saiba mais - Mecmaq\" \/>\n<meta property=\"og:description\" content=\"Mais de 95% das sementes de soja e milho plantadas no Brasil j\u00e1 s\u00e3o protegidas atrav\u00e9s de tratamento. Controle de pragas e doen\u00e7as, prote\u00e7\u00e3o no est\u00e1gio inicial do plantio e maior resist\u00eancia a estresses diversos s\u00e3o alguns dos benef\u00edcios propiciados pelo tratamento de sementes. Bastante difundida nas principais culturas brasileiras, a t\u00e9cnica ganha ainda mais [&hellip;]\" \/>\n<meta property=\"og:url\" content=\"https:\/\/www.mecmaq.com.br\/es\/tratamento-de-sementes-e-instabilidade-climatica-saiba-mais\/\" \/>\n<meta property=\"og:site_name\" content=\"Mecmaq\" \/>\n<meta property=\"article:published_time\" content=\"2021-05-17T11:59:00+00:00\" \/>\n<meta property=\"article:modified_time\" content=\"2022-03-30T12:03:17+00:00\" \/>\n<meta property=\"og:image\" content=\"https:\/\/www.mecmaq.com.br\/wp-content\/uploads\/2022\/03\/planta\u00e7\u00e3o.jpg\" \/>\n\t<meta property=\"og:image:width\" content=\"600\" \/>\n\t<meta property=\"og:image:height\" content=\"417\" \/>\n\t<meta property=\"og:image:type\" content=\"image\/jpeg\" \/>\n<meta name=\"author\" content=\"admin\" \/>\n<meta name=\"twitter:card\" content=\"summary_large_image\" \/>\n<meta name=\"twitter:label1\" content=\"Escrito por\" \/>\n\t<meta name=\"twitter:data1\" content=\"admin\" \/>\n\t<meta name=\"twitter:label2\" content=\"Tiempo de lectura\" \/>\n\t<meta name=\"twitter:data2\" content=\"3 minutos\" \/>\n<script type=\"application\/ld+json\" class=\"yoast-schema-graph\">{\"@context\":\"https:\/\/schema.org\",\"@graph\":[{\"@type\":\"Article\",\"@id\":\"https:\/\/www.mecmaq.com.br\/tratamento-de-sementes-e-instabilidade-climatica-saiba-mais\/#article\",\"isPartOf\":{\"@id\":\"https:\/\/www.mecmaq.com.br\/tratamento-de-sementes-e-instabilidade-climatica-saiba-mais\/\"},\"author\":{\"name\":\"admin\",\"@id\":\"https:\/\/www.mecmaq.com.br\/#\/schema\/person\/1e4d93afa39e37e97da8a8be3dd03471\"},\"headline\":\"Tratamento de sementes e instabilidade clim\u00e1tica? Saiba mais\",\"datePublished\":\"2021-05-17T11:59:00+00:00\",\"dateModified\":\"2022-03-30T12:03:17+00:00\",\"mainEntityOfPage\":{\"@id\":\"https:\/\/www.mecmaq.com.br\/tratamento-de-sementes-e-instabilidade-climatica-saiba-mais\/\"},\"wordCount\":597,\"image\":{\"@id\":\"https:\/\/www.mecmaq.com.br\/tratamento-de-sementes-e-instabilidade-climatica-saiba-mais\/#primaryimage\"},\"thumbnailUrl\":\"https:\/\/www.mecmaq.com.br\/wp-content\/uploads\/2022\/03\/planta\u00e7\u00e3o.jpg\",\"articleSection\":[\"Agricultura\",\"M\u00e1quinas\"],\"inLanguage\":\"es\"},{\"@type\":\"WebPage\",\"@id\":\"https:\/\/www.mecmaq.com.br\/tratamento-de-sementes-e-instabilidade-climatica-saiba-mais\/\",\"url\":\"https:\/\/www.mecmaq.com.br\/tratamento-de-sementes-e-instabilidade-climatica-saiba-mais\/\",\"name\":\"Tratamento de sementes e instabilidade clim\u00e1tica? Saiba mais - Mecmaq\",\"isPartOf\":{\"@id\":\"https:\/\/www.mecmaq.com.br\/#website\"},\"primaryImageOfPage\":{\"@id\":\"https:\/\/www.mecmaq.com.br\/tratamento-de-sementes-e-instabilidade-climatica-saiba-mais\/#primaryimage\"},\"image\":{\"@id\":\"https:\/\/www.mecmaq.com.br\/tratamento-de-sementes-e-instabilidade-climatica-saiba-mais\/#primaryimage\"},\"thumbnailUrl\":\"https:\/\/www.mecmaq.com.br\/wp-content\/uploads\/2022\/03\/planta\u00e7\u00e3o.jpg\",\"datePublished\":\"2021-05-17T11:59:00+00:00\",\"dateModified\":\"2022-03-30T12:03:17+00:00\",\"author\":{\"@id\":\"https:\/\/www.mecmaq.com.br\/#\/schema\/person\/1e4d93afa39e37e97da8a8be3dd03471\"},\"breadcrumb\":{\"@id\":\"https:\/\/www.mecmaq.com.br\/tratamento-de-sementes-e-instabilidade-climatica-saiba-mais\/#breadcrumb\"},\"inLanguage\":\"es\",\"potentialAction\":[{\"@type\":\"ReadAction\",\"target\":[\"https:\/\/www.mecmaq.com.br\/tratamento-de-sementes-e-instabilidade-climatica-saiba-mais\/\"]}]},{\"@type\":\"ImageObject\",\"inLanguage\":\"es\",\"@id\":\"https:\/\/www.mecmaq.com.br\/tratamento-de-sementes-e-instabilidade-climatica-saiba-mais\/#primaryimage\",\"url\":\"https:\/\/www.mecmaq.com.br\/wp-content\/uploads\/2022\/03\/planta\u00e7\u00e3o.jpg\",\"contentUrl\":\"https:\/\/www.mecmaq.com.br\/wp-content\/uploads\/2022\/03\/planta\u00e7\u00e3o.jpg\",\"width\":600,\"height\":417},{\"@type\":\"BreadcrumbList\",\"@id\":\"https:\/\/www.mecmaq.com.br\/tratamento-de-sementes-e-instabilidade-climatica-saiba-mais\/#breadcrumb\",\"itemListElement\":[{\"@type\":\"ListItem\",\"position\":1,\"name\":\"In\u00edcio\",\"item\":\"https:\/\/www.mecmaq.com.br\/\"},{\"@type\":\"ListItem\",\"position\":2,\"name\":\"Tratamento de sementes e instabilidade clim\u00e1tica? Saiba mais\"}]},{\"@type\":\"WebSite\",\"@id\":\"https:\/\/www.mecmaq.com.br\/#website\",\"url\":\"https:\/\/www.mecmaq.com.br\/\",\"name\":\"Mecmaq\",\"description\":\"M\u00e1quinas Agr\u00edcolas\",\"potentialAction\":[{\"@type\":\"SearchAction\",\"target\":{\"@type\":\"EntryPoint\",\"urlTemplate\":\"https:\/\/www.mecmaq.com.br\/?s={search_term_string}\"},\"query-input\":{\"@type\":\"PropertyValueSpecification\",\"valueRequired\":true,\"valueName\":\"search_term_string\"}}],\"inLanguage\":\"es\"},{\"@type\":\"Person\",\"@id\":\"https:\/\/www.mecmaq.com.br\/#\/schema\/person\/1e4d93afa39e37e97da8a8be3dd03471\",\"name\":\"admin\",\"image\":{\"@type\":\"ImageObject\",\"inLanguage\":\"es\",\"@id\":\"https:\/\/www.mecmaq.com.br\/wp-content\/uploads\/2022\/03\/planta\u00e7\u00e3o-96x96.jpg\",\"url\":\"https:\/\/www.mecmaq.com.br\/wp-content\/uploads\/2022\/03\/planta\u00e7\u00e3o-96x96.jpg\",\"contentUrl\":\"https:\/\/www.mecmaq.com.br\/wp-content\/uploads\/2022\/03\/planta\u00e7\u00e3o-96x96.jpg\",\"caption\":\"admin\"},\"sameAs\":[\"http:\/\/www.mecmaq.com.br\"],\"url\":\"https:\/\/www.mecmaq.com.br\/es\/author\/admin\/\"}]}<\/script>\n<!-- \/ Yoast SEO plugin. -->","yoast_head_json":{"title":"Tratamento de sementes e instabilidade clim\u00e1tica? Saiba mais - Mecmaq","robots":{"index":"index","follow":"follow","max-snippet":"max-snippet:-1","max-image-preview":"max-image-preview:large","max-video-preview":"max-video-preview:-1"},"canonical":"https:\/\/www.mecmaq.com.br\/es\/tratamento-de-sementes-e-instabilidade-climatica-saiba-mais\/","og_locale":"es_ES","og_type":"article","og_title":"Tratamento de sementes e instabilidade clim\u00e1tica? Saiba mais - Mecmaq","og_description":"Mais de 95% das sementes de soja e milho plantadas no Brasil j\u00e1 s\u00e3o protegidas atrav\u00e9s de tratamento. Controle de pragas e doen\u00e7as, prote\u00e7\u00e3o no est\u00e1gio inicial do plantio e maior resist\u00eancia a estresses diversos s\u00e3o alguns dos benef\u00edcios propiciados pelo tratamento de sementes. Bastante difundida nas principais culturas brasileiras, a t\u00e9cnica ganha ainda mais [&hellip;]","og_url":"https:\/\/www.mecmaq.com.br\/es\/tratamento-de-sementes-e-instabilidade-climatica-saiba-mais\/","og_site_name":"Mecmaq","article_published_time":"2021-05-17T11:59:00+00:00","article_modified_time":"2022-03-30T12:03:17+00:00","og_image":[{"width":600,"height":417,"url":"https:\/\/www.mecmaq.com.br\/wp-content\/uploads\/2022\/03\/planta\u00e7\u00e3o.jpg","type":"image\/jpeg"}],"author":"admin","twitter_card":"summary_large_image","twitter_misc":{"Escrito por":"admin","Tiempo de lectura":"3 minutos"},"schema":{"@context":"https:\/\/schema.org","@graph":[{"@type":"Article","@id":"https:\/\/www.mecmaq.com.br\/tratamento-de-sementes-e-instabilidade-climatica-saiba-mais\/#article","isPartOf":{"@id":"https:\/\/www.mecmaq.com.br\/tratamento-de-sementes-e-instabilidade-climatica-saiba-mais\/"},"author":{"name":"admin","@id":"https:\/\/www.mecmaq.com.br\/#\/schema\/person\/1e4d93afa39e37e97da8a8be3dd03471"},"headline":"Tratamento de sementes e instabilidade clim\u00e1tica? Saiba mais","datePublished":"2021-05-17T11:59:00+00:00","dateModified":"2022-03-30T12:03:17+00:00","mainEntityOfPage":{"@id":"https:\/\/www.mecmaq.com.br\/tratamento-de-sementes-e-instabilidade-climatica-saiba-mais\/"},"wordCount":597,"image":{"@id":"https:\/\/www.mecmaq.com.br\/tratamento-de-sementes-e-instabilidade-climatica-saiba-mais\/#primaryimage"},"thumbnailUrl":"https:\/\/www.mecmaq.com.br\/wp-content\/uploads\/2022\/03\/planta\u00e7\u00e3o.jpg","articleSection":["Agricultura","M\u00e1quinas"],"inLanguage":"es"},{"@type":"WebPage","@id":"https:\/\/www.mecmaq.com.br\/tratamento-de-sementes-e-instabilidade-climatica-saiba-mais\/","url":"https:\/\/www.mecmaq.com.br\/tratamento-de-sementes-e-instabilidade-climatica-saiba-mais\/","name":"Tratamento de sementes e instabilidade clim\u00e1tica? Saiba mais - Mecmaq","isPartOf":{"@id":"https:\/\/www.mecmaq.com.br\/#website"},"primaryImageOfPage":{"@id":"https:\/\/www.mecmaq.com.br\/tratamento-de-sementes-e-instabilidade-climatica-saiba-mais\/#primaryimage"},"image":{"@id":"https:\/\/www.mecmaq.com.br\/tratamento-de-sementes-e-instabilidade-climatica-saiba-mais\/#primaryimage"},"thumbnailUrl":"https:\/\/www.mecmaq.com.br\/wp-content\/uploads\/2022\/03\/planta\u00e7\u00e3o.jpg","datePublished":"2021-05-17T11:59:00+00:00","dateModified":"2022-03-30T12:03:17+00:00","author":{"@id":"https:\/\/www.mecmaq.com.br\/#\/schema\/person\/1e4d93afa39e37e97da8a8be3dd03471"},"breadcrumb":{"@id":"https:\/\/www.mecmaq.com.br\/tratamento-de-sementes-e-instabilidade-climatica-saiba-mais\/#breadcrumb"},"inLanguage":"es","potentialAction":[{"@type":"ReadAction","target":["https:\/\/www.mecmaq.com.br\/tratamento-de-sementes-e-instabilidade-climatica-saiba-mais\/"]}]},{"@type":"ImageObject","inLanguage":"es","@id":"https:\/\/www.mecmaq.com.br\/tratamento-de-sementes-e-instabilidade-climatica-saiba-mais\/#primaryimage","url":"https:\/\/www.mecmaq.com.br\/wp-content\/uploads\/2022\/03\/planta\u00e7\u00e3o.jpg","contentUrl":"https:\/\/www.mecmaq.com.br\/wp-content\/uploads\/2022\/03\/planta\u00e7\u00e3o.jpg","width":600,"height":417},{"@type":"BreadcrumbList","@id":"https:\/\/www.mecmaq.com.br\/tratamento-de-sementes-e-instabilidade-climatica-saiba-mais\/#breadcrumb","itemListElement":[{"@type":"ListItem","position":1,"name":"In\u00edcio","item":"https:\/\/www.mecmaq.com.br\/"},{"@type":"ListItem","position":2,"name":"Tratamento de sementes e instabilidade clim\u00e1tica? Saiba mais"}]},{"@type":"WebSite","@id":"https:\/\/www.mecmaq.com.br\/#website","url":"https:\/\/www.mecmaq.com.br\/","name":"Mecmaq","description":"M\u00e1quinas Agr\u00edcolas","potentialAction":[{"@type":"SearchAction","target":{"@type":"EntryPoint","urlTemplate":"https:\/\/www.mecmaq.com.br\/?s={search_term_string}"},"query-input":{"@type":"PropertyValueSpecification","valueRequired":true,"valueName":"search_term_string"}}],"inLanguage":"es"},{"@type":"Person","@id":"https:\/\/www.mecmaq.com.br\/#\/schema\/person\/1e4d93afa39e37e97da8a8be3dd03471","name":"admin","image":{"@type":"ImageObject","inLanguage":"es","@id":"https:\/\/www.mecmaq.com.br\/wp-content\/uploads\/2022\/03\/planta\u00e7\u00e3o-96x96.jpg","url":"https:\/\/www.mecmaq.com.br\/wp-content\/uploads\/2022\/03\/planta\u00e7\u00e3o-96x96.jpg","contentUrl":"https:\/\/www.mecmaq.com.br\/wp-content\/uploads\/2022\/03\/planta\u00e7\u00e3o-96x96.jpg","caption":"admin"},"sameAs":["http:\/\/www.mecmaq.com.br"],"url":"https:\/\/www.mecmaq.com.br\/es\/author\/admin\/"}]}},"_links":{"self":[{"href":"https:\/\/www.mecmaq.com.br\/es\/wp-json\/wp\/v2\/posts\/11390","targetHints":{"allow":["GET"]}}],"collection":[{"href":"https:\/\/www.mecmaq.com.br\/es\/wp-json\/wp\/v2\/posts"}],"about":[{"href":"https:\/\/www.mecmaq.com.br\/es\/wp-json\/wp\/v2\/types\/post"}],"author":[{"embeddable":true,"href":"https:\/\/www.mecmaq.com.br\/es\/wp-json\/wp\/v2\/users\/1"}],"replies":[{"embeddable":true,"href":"https:\/\/www.mecmaq.com.br\/es\/wp-json\/wp\/v2\/comments?post=11390"}],"version-history":[{"count":1,"href":"https:\/\/www.mecmaq.com.br\/es\/wp-json\/wp\/v2\/posts\/11390\/revisions"}],"predecessor-version":[{"id":11392,"href":"https:\/\/www.mecmaq.com.br\/es\/wp-json\/wp\/v2\/posts\/11390\/revisions\/11392"}],"wp:featuredmedia":[{"embeddable":true,"href":"https:\/\/www.mecmaq.com.br\/es\/wp-json\/wp\/v2\/media\/11391"}],"wp:attachment":[{"href":"https:\/\/www.mecmaq.com.br\/es\/wp-json\/wp\/v2\/media?parent=11390"}],"wp:term":[{"taxonomy":"category","embeddable":true,"href":"https:\/\/www.mecmaq.com.br\/es\/wp-json\/wp\/v2\/categories?post=11390"},{"taxonomy":"post_tag","embeddable":true,"href":"https:\/\/www.mecmaq.com.br\/es\/wp-json\/wp\/v2\/tags?post=11390"}],"curies":[{"name":"wp","href":"https:\/\/api.w.org\/{rel}","templated":true}]}}